{"id":1101,"date":"2009-07-22T09:12:24","date_gmt":"2009-07-22T08:12:24","guid":{"rendered":"http:\/\/www.caths.cz\/wordpress\/?p=1101"},"modified":"2009-07-22T09:12:24","modified_gmt":"2009-07-22T08:12:24","slug":"naucna-prozitkova-stezka-a-cyklotrasa-pro-telesne-handicapovane-deti","status":"publish","type":"post","link":"https:\/\/www.caths.cz\/wordpress\/naucna-prozitkova-stezka-a-cyklotrasa-pro-telesne-handicapovane-deti\/","title":{"rendered":"Nau\u010dn\u00e1, pro\u017eitkov\u00e1 stezka a cyklotrasa pro t\u011blesn\u011b handicapovan\u00e9 d\u011bti"},"content":{"rendered":"<p align=\"justify\">\nV Liberci byla otev\u0159ena Je\u0161t\u011bdsk\u00e1 pro\u017eitkov\u00e1 lesn\u00ed stezka pro t\u011blesn\u011b<br \/>\nhandicapovan\u00e9 d\u011bti a na st\u00e1le se roz\u0161i\u0159uj\u00edc\u00ed s\u00ed\u0165 cyklostezek v Krkono\u0161\u00edch<br \/>\npak nov\u011b navazuje cyklostezka U mlejna, kter\u00e1 se nach\u00e1z\u00ed mezi obcemi<br \/>\nJilemnice a Martinice v Krkono\u0161\u00edch.<\/p>\n<p>Let\u00e1\u010dek ke sta\u017een\u00ed <strong><a href=\"storage\/letacek ostasov.pdf\"><font face=\"Trebuchet MS\" size=\"2\"> zde<\/strong><\/font><\/a><\/p>\n","protected":false},"excerpt":{"rendered":"<a href=\"https:\/\/www.caths.cz\/wordpress\/naucna-prozitkova-stezka-a-cyklotrasa-pro-telesne-handicapovane-deti\/\"><img loading=\"lazy\" decoding=\"async\" width=\"100\" height=\"100\" src=\"https:\/\/www.caths.cz\/wordpress\/wp-content\/plugins\/thumbnail-for-excerpts\/tfe_no_thumb.png\" class=\"alignleft wp-post-image tfe\" alt=\"\" title=\"\" \/><\/a><p>V Liberci byla otev\u0159ena Je\u0161t\u011bdsk\u00e1 pro\u017eitkov\u00e1 lesn\u00ed stezka pro t\u011blesn\u011b handicapovan\u00e9 d\u011bti a na st\u00e1le se roz\u0161i\u0159uj\u00edc\u00ed s\u00ed\u0165 cyklostezek v Krkono\u0161\u00edch pak nov\u011b navazuje cyklostezka U mlejna, kter\u00e1 se nach\u00e1z\u00ed [&hellip;]<\/p>\n","protected":false},"author":1,"featured_media":0,"comment_status":"closed","ping_status":"closed","sticky":false,"template":"","format":"standard","meta":{"ngg_post_thumbnail":0,"footnotes":""},"categories":[6],"tags":[],"class_list":["post-1101","post","type-post","status-publish","format-standard","hentry","category-caths-info"],"_links":{"self":[{"href":"https:\/\/www.caths.cz\/wordpress\/wp-json\/wp\/v2\/posts\/1101","targetHints":{"allow":["GET"]}}],"collection":[{"href":"https:\/\/www.caths.cz\/wordpress\/wp-json\/wp\/v2\/posts"}],"about":[{"href":"https:\/\/www.caths.cz\/wordpress\/wp-json\/wp\/v2\/types\/post"}],"author":[{"embeddable":true,"href":"https:\/\/www.caths.cz\/wordpress\/wp-json\/wp\/v2\/users\/1"}],"replies":[{"embeddable":true,"href":"https:\/\/www.caths.cz\/wordpress\/wp-json\/wp\/v2\/comments?post=1101"}],"version-history":[{"count":0,"href":"https:\/\/www.caths.cz\/wordpress\/wp-json\/wp\/v2\/posts\/1101\/revisions"}],"wp:attachment":[{"href":"https:\/\/www.caths.cz\/wordpress\/wp-json\/wp\/v2\/media?parent=1101"}],"wp:term":[{"taxonomy":"category","embeddable":true,"href":"https:\/\/www.caths.cz\/wordpress\/wp-json\/wp\/v2\/categories?post=1101"},{"taxonomy":"post_tag","embeddable":true,"href":"https:\/\/www.caths.cz\/wordpress\/wp-json\/wp\/v2\/tags?post=1101"}],"curies":[{"name":"wp","href":"https:\/\/api.w.org\/{rel}","templated":true}]}}