{"id":1097,"date":"2009-07-20T10:30:18","date_gmt":"2009-07-20T09:30:18","guid":{"rendered":"http:\/\/www.caths.cz\/wordpress\/?p=1097"},"modified":"2009-07-20T10:30:18","modified_gmt":"2009-07-20T09:30:18","slug":"evropsky-pohar-v-cyklistice-na-slovensku-potvrdil-silu-reprezentacniho-vyberu","status":"publish","type":"post","link":"https:\/\/www.caths.cz\/wordpress\/evropsky-pohar-v-cyklistice-na-slovensku-potvrdil-silu-reprezentacniho-vyberu\/","title":{"rendered":"Evropsk\u00fd poh\u00e1r v cyklistice na Slovensku potvrdil s\u00edlu reprezenta\u010dn\u00edho v\u00fdb\u011bru"},"content":{"rendered":"<p align=\"justify\">\nPrvn\u00ed ostrou z\u00e1vodn\u00ed prov\u011brku m\u00e1 za sebou reprezenta\u010dn\u00ed v\u00fdb\u011br pro leto\u0161n\u00ed silni\u010dn\u00ed mistrovstv\u00ed sv\u011bta v cyklistice, kter\u00e9 se uskute\u010dn\u00ed v z\u00e1\u0159\u00ed v It\u00e1lii.<\/p>\n<p align=\"justify\"> A \u017ee je jde o v\u00fdb\u011br velice siln\u00fd potvrdily v\u00fdkony V\u0160ECH na\u0161ich reprezentant\u016f. Ve 30-ti stup\u0148ov\u00e9m vedru a n\u00e1sledn\u011b i po\u0159\u00e1dn\u00e9 pr\u016ftr\u017ei mra\u010den a chladnu se ve v\u00fdborn\u00e9m sv\u011btle p\u0159edstavili, mimo osobnost\u00ed Ji\u0159\u00edho Je\u017eka a Tom\u00e1\u0161e Kvasni\u010dky i v\u0161ichni nov\u00e1\u010dkov\u00e9 &#8211; Pavel Folt\u00fdn (HCA), Michal \u0160i\u0161ka (HCB) a tandemy Mirka Sedl\u00e1\u010dkov\u00e1 &#8211; Jana Jirou\u0161kov\u00e1 a Marek Moflar s Ji\u0159\u00edm Chybou.<br \/> V\u00edt\u011bzi Evropsk\u00e9ho poh\u00e1ru se ve Vr\u00e1tn\u00e9 postupn\u011b stali: Ji\u0159\u00ed Je\u017eek, Michal \u0160i\u0161ka, Tom\u00e1\u0161 Kvasni\u010dka a tandem Mirka Sedl\u00e1\u010dkov\u00e1 &#8211; Jana Jirou\u0161kov\u00e1. <\/p>\n<p> <img decoding=\"async\" src=\"\/wordpress\/image\/k_clankum\/cyklistika 2009 od 10.7. 047.jpg\"><\/p>\n<p> <img decoding=\"async\" src=\"\/wordpress\/image\/k_clankum\/cyklistika 2009 od 10.7. 048.jpg\"><\/p>\n","protected":false},"excerpt":{"rendered":"<a href=\"https:\/\/www.caths.cz\/wordpress\/evropsky-pohar-v-cyklistice-na-slovensku-potvrdil-silu-reprezentacniho-vyberu\/\"><img loading=\"lazy\" decoding=\"async\" width=\"100\" height=\"100\" src=\"https:\/\/www.caths.cz\/wordpress\/wp-content\/plugins\/thumbnail-for-excerpts\/tfe_no_thumb.png\" class=\"alignleft wp-post-image tfe\" alt=\"\" title=\"\" \/><\/a><p>Prvn\u00ed ostrou z\u00e1vodn\u00ed prov\u011brku m\u00e1 za sebou reprezenta\u010dn\u00ed v\u00fdb\u011br pro leto\u0161n\u00ed silni\u010dn\u00ed mistrovstv\u00ed sv\u011bta v cyklistice, kter\u00e9 se uskute\u010dn\u00ed v z\u00e1\u0159\u00ed v It\u00e1lii. A \u017ee je jde o v\u00fdb\u011br velice [&hellip;]<\/p>\n","protected":false},"author":1,"featured_media":0,"comment_status":"closed","ping_status":"closed","sticky":false,"template":"","format":"standard","meta":{"ngg_post_thumbnail":0,"footnotes":""},"categories":[2],"tags":[],"class_list":["post-1097","post","type-post","status-publish","format-standard","hentry","category-cyklistika"],"_links":{"self":[{"href":"https:\/\/www.caths.cz\/wordpress\/wp-json\/wp\/v2\/posts\/1097","targetHints":{"allow":["GET"]}}],"collection":[{"href":"https:\/\/www.caths.cz\/wordpress\/wp-json\/wp\/v2\/posts"}],"about":[{"href":"https:\/\/www.caths.cz\/wordpress\/wp-json\/wp\/v2\/types\/post"}],"author":[{"embeddable":true,"href":"https:\/\/www.caths.cz\/wordpress\/wp-json\/wp\/v2\/users\/1"}],"replies":[{"embeddable":true,"href":"https:\/\/www.caths.cz\/wordpress\/wp-json\/wp\/v2\/comments?post=1097"}],"version-history":[{"count":0,"href":"https:\/\/www.caths.cz\/wordpress\/wp-json\/wp\/v2\/posts\/1097\/revisions"}],"wp:attachment":[{"href":"https:\/\/www.caths.cz\/wordpress\/wp-json\/wp\/v2\/media?parent=1097"}],"wp:term":[{"taxonomy":"category","embeddable":true,"href":"https:\/\/www.caths.cz\/wordpress\/wp-json\/wp\/v2\/categories?post=1097"},{"taxonomy":"post_tag","embeddable":true,"href":"https:\/\/www.caths.cz\/wordpress\/wp-json\/wp\/v2\/tags?post=1097"}],"curies":[{"name":"wp","href":"https:\/\/api.w.org\/{rel}","templated":true}]}}