{"id":1094,"date":"2009-07-12T19:30:41","date_gmt":"2009-07-12T18:30:41","guid":{"rendered":"http:\/\/www.caths.cz\/wordpress\/?p=1094"},"modified":"2009-07-12T19:30:41","modified_gmt":"2009-07-12T18:30:41","slug":"konecna-nominace-reprezentacniho-tymu-cyklistiky-tp-a-zp-pro-zavody-ep-na-slovensku-v-italii-a-ms-v-italii","status":"publish","type":"post","link":"https:\/\/www.caths.cz\/wordpress\/konecna-nominace-reprezentacniho-tymu-cyklistiky-tp-a-zp-pro-zavody-ep-na-slovensku-v-italii-a-ms-v-italii\/","title":{"rendered":"Kone\u010dn\u00e1 nominace reprezenta\u010dn\u00edho t\u00fdmu cyklistiky TP a ZP pro z\u00e1vody EP na Slovensku, v It\u00e1lii a MS v It\u00e1lii"},"content":{"rendered":"<p align=\"justify\">\nReprezenta\u010dn\u00ed tren\u00e9r Viktor Zapletal p\u0159edlo\u017eil kone\u010dnou nominaci reprezenta\u010dn\u00edho t\u00fdmu cyklistiky, handbike a tandem\u016f pro nadch\u00e1zej\u00edc\u00ed mistrovstv\u00ed sv\u011bta v It\u00e1lii:\n<\/p>\n<p><strong><u>1) cyklistika:<\/u><\/strong><br \/> LC1 &#8211; Pavl\u00edk Radim<br \/> LC2 &#8211; Je\u017eek Ji\u0159\u00ed<br \/> CP3 &#8211; Kvasni\u010dka Tom\u00e1\u0161<\/p>\n<p> <strong><u>2) handbike:<\/u><\/strong><br \/> HCA &#8211; Folt\u00fdn Pavel<br \/> HCB &#8211; \u0160i\u0161ka Michal<br \/> HCB &#8211; Civi\u0161 Radovan<br \/> HCB &#8211; Pipek Marcel<br \/> HCC &#8211; Tom\u00e1nek Jan &#8211; samopl\u00e1tce<\/p>\n<p> <strong><u>3) tandemy:<\/u><\/strong><br \/> Moflar Marek &#8211; Chyba Ji\u0159\u00ed<br \/> Sedl\u00e1\u010dkov\u00e1 Miroslava &#8211; Jirou\u0161kov\u00e1 Jana<\/p>\n<p align=\"justify\"> Viktor Zapletal dod\u00e1v\u00e1: <em>&#8222;Jedin\u00e9 otazn\u00edky vis\u00ed nad Radkem Civi\u0161em a Marcelem Pipkem. Radek \u0159e\u0161il na ja\u0159e n\u011bkolik zdravotn\u00edch probl\u00e9m\u016f, nen\u00ed zat\u00edm v pln\u00e9m tr\u00e9ninku a pokud se rozhodne, \u017ee na MS pojede, chce b\u00fdt maxim\u00e1ln\u011b p\u0159ipraven\u00fd. To sam\u00e9 plat\u00ed u Marcela, sv\u016fj start na MS mi teprve potvrd\u00ed s ohledem na slo\u017eitou situaci a tr\u00e9ninkov\u00fd v\u00fdpadek do kter\u00e9ho se dostal kv\u016fli povodni, kter\u00e1 ho nep\u0159\u00edjemn\u011b zas\u00e1hla.<\/p>\n<p> Reprezenta\u010dn\u00ed t\u00fdm nyn\u00ed \u010dekaj\u00ed dva z\u00e1vody Evropsk\u00e9ho poh\u00e1ru na Slovensku a v It\u00e1lii. Pot\u00e9 bude n\u00e1sledovat men\u0161\u00ed odpo\u010dinek a n\u00e1sledn\u011b n\u00e1ro\u010dn\u00e1 z\u00e1v\u011bre\u010dn\u00e1 p\u0159\u00edprava na MS, v\u010detn\u011b spole\u010dn\u00e9ho soust\u0159ed\u011bn\u00ed cel\u00e9ho t\u00fdmu na hor\u00e1ch.&#8220; <\/em><\/p>\n<p> <strong>Foto: V. Zapletal<\/strong><\/p>\n<p> <img decoding=\"async\" src=\"\/wordpress\/image\/k_clankum\/EP 2008 Slovensko 009.jpg\"><\/p>\n","protected":false},"excerpt":{"rendered":"<a href=\"https:\/\/www.caths.cz\/wordpress\/konecna-nominace-reprezentacniho-tymu-cyklistiky-tp-a-zp-pro-zavody-ep-na-slovensku-v-italii-a-ms-v-italii\/\"><img loading=\"lazy\" decoding=\"async\" width=\"100\" height=\"100\" src=\"https:\/\/www.caths.cz\/wordpress\/wp-content\/plugins\/thumbnail-for-excerpts\/tfe_no_thumb.png\" class=\"alignleft wp-post-image tfe\" alt=\"\" title=\"\" \/><\/a><p>Reprezenta\u010dn\u00ed tren\u00e9r Viktor Zapletal p\u0159edlo\u017eil kone\u010dnou nominaci reprezenta\u010dn\u00edho t\u00fdmu cyklistiky, handbike a tandem\u016f pro nadch\u00e1zej\u00edc\u00ed mistrovstv\u00ed sv\u011bta v It\u00e1lii: 1) cyklistika: LC1 &#8211; Pavl\u00edk Radim LC2 &#8211; Je\u017eek Ji\u0159\u00ed CP3 [&hellip;]<\/p>\n","protected":false},"author":1,"featured_media":0,"comment_status":"closed","ping_status":"closed","sticky":false,"template":"","format":"standard","meta":{"ngg_post_thumbnail":0,"footnotes":""},"categories":[2],"tags":[],"class_list":["post-1094","post","type-post","status-publish","format-standard","hentry","category-cyklistika"],"_links":{"self":[{"href":"https:\/\/www.caths.cz\/wordpress\/wp-json\/wp\/v2\/posts\/1094","targetHints":{"allow":["GET"]}}],"collection":[{"href":"https:\/\/www.caths.cz\/wordpress\/wp-json\/wp\/v2\/posts"}],"about":[{"href":"https:\/\/www.caths.cz\/wordpress\/wp-json\/wp\/v2\/types\/post"}],"author":[{"embeddable":true,"href":"https:\/\/www.caths.cz\/wordpress\/wp-json\/wp\/v2\/users\/1"}],"replies":[{"embeddable":true,"href":"https:\/\/www.caths.cz\/wordpress\/wp-json\/wp\/v2\/comments?post=1094"}],"version-history":[{"count":0,"href":"https:\/\/www.caths.cz\/wordpress\/wp-json\/wp\/v2\/posts\/1094\/revisions"}],"wp:attachment":[{"href":"https:\/\/www.caths.cz\/wordpress\/wp-json\/wp\/v2\/media?parent=1094"}],"wp:term":[{"taxonomy":"category","embeddable":true,"href":"https:\/\/www.caths.cz\/wordpress\/wp-json\/wp\/v2\/categories?post=1094"},{"taxonomy":"post_tag","embeddable":true,"href":"https:\/\/www.caths.cz\/wordpress\/wp-json\/wp\/v2\/tags?post=1094"}],"curies":[{"name":"wp","href":"https:\/\/api.w.org\/{rel}","templated":true}]}}