{"id":1090,"date":"2009-07-09T09:11:38","date_gmt":"2009-07-09T08:11:38","guid":{"rendered":"http:\/\/www.caths.cz\/wordpress\/?p=1090"},"modified":"2009-07-09T09:11:38","modified_gmt":"2009-07-09T08:11:38","slug":"124-handicapovanych-cyklistu-z-19-zemi-sveta-bude-v-sobotu-startovat-na-ep-v-lounech","status":"publish","type":"post","link":"https:\/\/www.caths.cz\/wordpress\/124-handicapovanych-cyklistu-z-19-zemi-sveta-bude-v-sobotu-startovat-na-ep-v-lounech\/","title":{"rendered":"124 handicapovan\u00fdch cyklist\u016f z 19 zem\u00ed sv\u011bta bude v sobotu startovat na EP v Lounech"},"content":{"rendered":"<p align=\"justify\"> Z na\u0161ich z\u00e1vodn\u00edk\u016f se nad\u011bje na kvalitn\u00ed um\u00edst\u011bn\u00ed vkl\u00e1daj\u00ed p\u0159edev\u0161\u00edm do leto\u0161n\u00edho objevu Pavla Folt\u00fdna (HCA), Michala \u0160i\u0161ky (HCB) a paralympijsk\u00e9ho v\u00edt\u011bze a mistra sv\u011bta Marcela Pipka, jeho\u017e p\u0159\u00edpravu ale bohu\u017eel velmi negativn\u011b ovlivnila povode\u0148, kter\u00e1 mu zaplavila d\u016fm a odnesla auto.<\/p>\n<p> Pro handbikery a tandemy nebudou z\u00e1vody v Lounech pouze bojem o cenn\u00e9 body do \u017eeb\u0159\u00ed\u010dk\u016f UCI, ale i posledn\u00ed mo\u017enost\u00ed nominovat se do reprezenta\u010dn\u00edho t\u00fdmu \u010cR pro MS v It\u00e1lii 2009.<\/p>\n<p> Kone\u010dn\u00e1 nominace cyklistick\u00e9 reprezentace t\u011blesn\u011b a zrakov\u011b handicapovan\u00fdch cyklist\u016f bude zve\u0159ejn\u011bna v pond\u011bl\u00ed na str\u00e1nk\u00e1ch \u010cATHS.<\/p>\n<p> Z\u00e1vody za\u010d\u00ednaj\u00ed v sobotu v 9:00 hod. \u010dasovkou jednotlivc\u016f &#8211; pokud m\u00e1te \u010das, p\u0159ije\u010fte do Loun, nebudete litovat, po\u0159adatel\u00e9 p\u0159ipravili pestr\u00fd doprovodn\u00fd program a p\u0159edev\u0161\u00edm z\u00e1vody snad \u00fapln\u011b v\u0161eho, co se jen trochu ot\u00e1\u010d\u00ed&#8230; \ud83d\ude42 <\/p>\n<p> <img decoding=\"async\" src=\"\/wordpress\/image\/k_clankum\/EP 2008 Slovensko 024.jpg\"><\/p>\n","protected":false},"excerpt":{"rendered":"<a href=\"https:\/\/www.caths.cz\/wordpress\/124-handicapovanych-cyklistu-z-19-zemi-sveta-bude-v-sobotu-startovat-na-ep-v-lounech\/\"><img loading=\"lazy\" decoding=\"async\" width=\"100\" height=\"100\" src=\"https:\/\/www.caths.cz\/wordpress\/wp-content\/plugins\/thumbnail-for-excerpts\/tfe_no_thumb.png\" class=\"alignleft wp-post-image tfe\" alt=\"\" title=\"\" \/><\/a><p>Z na\u0161ich z\u00e1vodn\u00edk\u016f se nad\u011bje na kvalitn\u00ed um\u00edst\u011bn\u00ed vkl\u00e1daj\u00ed p\u0159edev\u0161\u00edm do leto\u0161n\u00edho objevu Pavla Folt\u00fdna (HCA), Michala \u0160i\u0161ky (HCB) a paralympijsk\u00e9ho v\u00edt\u011bze a mistra sv\u011bta Marcela Pipka, jeho\u017e p\u0159\u00edpravu ale [&hellip;]<\/p>\n","protected":false},"author":1,"featured_media":0,"comment_status":"closed","ping_status":"closed","sticky":false,"template":"","format":"standard","meta":{"ngg_post_thumbnail":0,"footnotes":""},"categories":[9],"tags":[],"class_list":["post-1090","post","type-post","status-publish","format-standard","hentry","category-handbike"],"_links":{"self":[{"href":"https:\/\/www.caths.cz\/wordpress\/wp-json\/wp\/v2\/posts\/1090","targetHints":{"allow":["GET"]}}],"collection":[{"href":"https:\/\/www.caths.cz\/wordpress\/wp-json\/wp\/v2\/posts"}],"about":[{"href":"https:\/\/www.caths.cz\/wordpress\/wp-json\/wp\/v2\/types\/post"}],"author":[{"embeddable":true,"href":"https:\/\/www.caths.cz\/wordpress\/wp-json\/wp\/v2\/users\/1"}],"replies":[{"embeddable":true,"href":"https:\/\/www.caths.cz\/wordpress\/wp-json\/wp\/v2\/comments?post=1090"}],"version-history":[{"count":0,"href":"https:\/\/www.caths.cz\/wordpress\/wp-json\/wp\/v2\/posts\/1090\/revisions"}],"wp:attachment":[{"href":"https:\/\/www.caths.cz\/wordpress\/wp-json\/wp\/v2\/media?parent=1090"}],"wp:term":[{"taxonomy":"category","embeddable":true,"href":"https:\/\/www.caths.cz\/wordpress\/wp-json\/wp\/v2\/categories?post=1090"},{"taxonomy":"post_tag","embeddable":true,"href":"https:\/\/www.caths.cz\/wordpress\/wp-json\/wp\/v2\/tags?post=1090"}],"curies":[{"name":"wp","href":"https:\/\/api.w.org\/{rel}","templated":true}]}}