{"id":1084,"date":"2009-06-29T09:07:39","date_gmt":"2009-06-29T08:07:39","guid":{"rendered":"http:\/\/www.caths.cz\/wordpress\/?p=1084"},"modified":"2009-06-29T09:07:39","modified_gmt":"2009-06-29T08:07:39","slug":"tandem-chyba-moflar-zvitezil-na-mcr-v-casovce","status":"publish","type":"post","link":"https:\/\/www.caths.cz\/wordpress\/tandem-chyba-moflar-zvitezil-na-mcr-v-casovce\/","title":{"rendered":"Tandem Chyba &#8211; Moflar zv\u00edt\u011bzil na M\u010cR v \u010dasovce"},"content":{"rendered":"<p align=\"justify\">\nJi\u0159\u00ed Chyba s nevidom\u00fdm Markem Moflarem se stali Mistry \u010cesk\u00e9 republiky v \u010dasovce v T\u0159ebenic\u00edch. Z\u00e1rove\u0148 zv\u00edt\u011bzili v 5. a 6. z\u00e1vod\u011b \u010cesk\u00e9ho poh\u00e1ru tandem\u016f a u\u017e te\u010f je jist\u00e9, \u017ee bez ztr\u00e1ty jedin\u00e9ho bodu zv\u00edt\u011bz\u00ed v cel\u00e9m seri\u00e1lu Duratec \u010cesk\u00e9ho poh\u00e1ru Tandem\u016f 2009!<\/p>\n<p>Tom\u00e1\u0161 Kvasni\u010dka zv\u00edt\u011bzil ve sv\u00e9 kategorii v T\u0159ebenic\u00edch v silni\u010dn\u00edm z\u00e1vod\u011b do vrchu a n\u00e1sledn\u011b i v \u010dasovce.\n<\/p>\n<p>  <img decoding=\"async\" src=\"\/wordpress\/image\/k_clankum\/cyklistika 2009 179.jpg\"><\/p>\n<p> <img decoding=\"async\" src=\"\/wordpress\/image\/k_clankum\/cyklistika 2009 181.jpg\"><\/p>\n","protected":false},"excerpt":{"rendered":"<a href=\"https:\/\/www.caths.cz\/wordpress\/tandem-chyba-moflar-zvitezil-na-mcr-v-casovce\/\"><img loading=\"lazy\" decoding=\"async\" width=\"100\" height=\"100\" src=\"https:\/\/www.caths.cz\/wordpress\/wp-content\/plugins\/thumbnail-for-excerpts\/tfe_no_thumb.png\" class=\"alignleft wp-post-image tfe\" alt=\"\" title=\"\" \/><\/a><p>Ji\u0159\u00ed Chyba s nevidom\u00fdm Markem Moflarem se stali Mistry \u010cesk\u00e9 republiky v \u010dasovce v T\u0159ebenic\u00edch. Z\u00e1rove\u0148 zv\u00edt\u011bzili v 5. a 6. z\u00e1vod\u011b \u010cesk\u00e9ho poh\u00e1ru tandem\u016f a u\u017e te\u010f je jist\u00e9, [&hellip;]<\/p>\n","protected":false},"author":1,"featured_media":0,"comment_status":"closed","ping_status":"closed","sticky":false,"template":"","format":"standard","meta":{"ngg_post_thumbnail":0,"footnotes":""},"categories":[2],"tags":[],"class_list":["post-1084","post","type-post","status-publish","format-standard","hentry","category-cyklistika"],"_links":{"self":[{"href":"https:\/\/www.caths.cz\/wordpress\/wp-json\/wp\/v2\/posts\/1084","targetHints":{"allow":["GET"]}}],"collection":[{"href":"https:\/\/www.caths.cz\/wordpress\/wp-json\/wp\/v2\/posts"}],"about":[{"href":"https:\/\/www.caths.cz\/wordpress\/wp-json\/wp\/v2\/types\/post"}],"author":[{"embeddable":true,"href":"https:\/\/www.caths.cz\/wordpress\/wp-json\/wp\/v2\/users\/1"}],"replies":[{"embeddable":true,"href":"https:\/\/www.caths.cz\/wordpress\/wp-json\/wp\/v2\/comments?post=1084"}],"version-history":[{"count":0,"href":"https:\/\/www.caths.cz\/wordpress\/wp-json\/wp\/v2\/posts\/1084\/revisions"}],"wp:attachment":[{"href":"https:\/\/www.caths.cz\/wordpress\/wp-json\/wp\/v2\/media?parent=1084"}],"wp:term":[{"taxonomy":"category","embeddable":true,"href":"https:\/\/www.caths.cz\/wordpress\/wp-json\/wp\/v2\/categories?post=1084"},{"taxonomy":"post_tag","embeddable":true,"href":"https:\/\/www.caths.cz\/wordpress\/wp-json\/wp\/v2\/tags?post=1084"}],"curies":[{"name":"wp","href":"https:\/\/api.w.org\/{rel}","templated":true}]}}