{"id":1083,"date":"2009-06-24T13:03:35","date_gmt":"2009-06-24T12:03:35","guid":{"rendered":"http:\/\/www.caths.cz\/wordpress\/?p=1083"},"modified":"2009-06-24T13:03:35","modified_gmt":"2009-06-24T12:03:35","slug":"5-otazek-pro-sportovniho-komentatora-roberta-bakalare","status":"publish","type":"post","link":"https:\/\/www.caths.cz\/wordpress\/5-otazek-pro-sportovniho-komentatora-roberta-bakalare\/","title":{"rendered":"5 ot\u00e1zek pro sportovn\u00edho koment\u00e1tora &#8211; Roberta Bakal\u00e1\u0159e"},"content":{"rendered":"<p align=\"justify\"> <strong> 1. Roberte, \u00favodem se zept\u00e1m na to, co zaj\u00edm\u00e1 snad \u00fapln\u011b v\u0161echny, kte\u0159\u00ed sleduj\u00ed cyklistick\u00e9 a sportovn\u00ed p\u0159enosy &#8211; jak dok\u00e1\u017ee\u0161 ukomentovat 5- ti hodinov\u00fd p\u0159\u00edm\u00fd p\u0159enos? Jak\u00e1 p\u0159\u00edprava tomu p\u0159edch\u00e1z\u00ed?<\/strong><\/p>\n<p><em> &#8222;Zjednodu\u0161en\u011b by se \u0159eklo &#8211; co hodina p\u0159enosu, to hodina p\u0159\u00edpravy. Ono je toti\u017e pot\u0159eba b\u00fdt p\u0159ipraven na v\u0161echno: t\u0159eba na to, \u017ee je mlha a nel\u00e9taj\u00ed p\u0159enosov\u00e9 helikopt\u00e9ry, kter\u00e9 zprost\u0159edkov\u00e1vaj\u00ed p\u0159enos sign\u00e1lu. To neznamen\u00e1 konec p\u0159enosu, a pak to m\u016f\u017ee b\u00fdt peklo. Nezapomenu na to, jak jsem v roce 2001 komentoval posledn\u00ed z\u00e1vod Sv\u011btov\u00e9ho poh\u00e1ru Giro di Lombardia (tenkr\u00e1t prvn\u011b vyhr\u00e1l Di Luca) a vys\u00edlali jsme hodinu a p\u016fl mlhy a jen posledn\u00edch 5-7 km \u017eiv\u011b. A kv\u016fli tomu bylo pot\u0159eba udr\u017eet lidi u obrazovky. Co\u017e se poda\u0159ilo a vlastn\u011b se p\u0159\u00edprava vyplatila. Ale j\u00e1 bych to ned\u00e9monizoval: ka\u017ed\u00e1 pr\u00e1ce by se m\u011bla d\u011blat poctiv\u011b. Ta koment\u00e1torsk\u00e1 se od v\u011bt\u0161iny lidsk\u00fdch \u010dinnost\u00ed li\u0161\u00ed t\u00edm, \u017ee se pod n\u00ed podepisujete obli\u010dejem, hlasem. Nejsme anonymn\u00ed&#8230;&#8220; <\/em><\/p>\n<p><strong> 2. Kolo pro \u017eivot slav\u00ed letos 10 let od sv\u00e9ho vzniku. Jak tento projekt vznikl? <\/strong><\/p>\n<p><em> &#8222;Kdy\u017e to \u0159eknu zkr\u00e1cen\u011b, bylo to pokra\u010dov\u00e1n\u00ed linie, kter\u00e1 vznikla zrozen\u00edm t\u00fdmu \u010cS MTB a pokra\u010dovala Pra\u017esk\u00fdmi schody, kter\u00e9 se jezd\u00ed od roku 1994. Tenkr\u00e1t jsme si s Romanem \u010cerm\u00e1kem a Michalem Pickem \u0159\u00edkali, \u017ee jestli maj\u00ed b\u00fdt horsk\u00e1 kola popul\u00e1rn\u00ed, mus\u00ed p\u0159ij\u00edt za lidmi. A ne aby lid\u00e9 jezdili, jako div\u00e1ci, n\u011bkam do les\u016f, vod a str\u00e1n\u00ed. A Kolo pro \u017eivot m\u011blo podobn\u00fd rys vzniku: vid\u011bli jsme v t\u00e9 prvn\u00ed vln\u011b euforie jezdit spousty lid\u00ed na horsk\u00fdch kolech, ale bez c\u00edle. Nechyb\u011bla jim chu\u0165 jezdit, ale nem\u011bli \u017e\u00e1dn\u00fd konkretn\u00ed c\u00edl na vyu\u017eit\u00ed voln\u00e9ho \u010dasu. Roman se pak setkal se sv\u00fdm spolu\u017e\u00e1kem z fakulty Tom\u00e1\u0161em P\u0159ibylem (dnes nad\u0161en\u00fdm bikerem a tak trochu i dobrodruhem), kter\u00fd vedl sekretari\u00e1t gener\u00e1ln\u00edho \u0159editele \u010cS. \u010cesk\u00e1 spo\u0159itelna tehdy hledala v oblasti marketingu n\u011bco, co by oslovilo mlad\u00e9 lidi.Ten s t\u00edm n\u00e1vrhem zam\u00ed\u0159il na ta spr\u00e1vn\u00e1 m\u00edsta. Tak to cel\u00e9 vzniklo: a ten n\u00e1zev tehdy vyplynul z tehdej\u0161\u00edho sloganu: \u010cesk\u00e1 spo\u0159itelna &#8211; banka pro \u017eivot. Tak vzniklo Kolo pro \u017eivot, na jeho\u017e startech u\u017e bylo hodn\u011b p\u0159es 100 000 lid\u00ed.&#8220; <\/em><\/p>\n<p><strong> 3. Jak\u00fd je Tv\u016fj n\u00e1zor na my\u0161lenku, za\u0159adit kategorii handicapovan\u00fdch do seri\u00e1lu z\u00e1vod\u016f Kolo pro \u017eivot pod n\u00e1zvem Poje\u010f s n\u00e1mi &#8211; Kolo pro \u017eivot? <\/strong><\/p>\n<p><em> &#8222;Prvn\u00ed handicapovan\u00fd sportovec, kter\u00fd se ho z\u00fa\u010dastnil, byl na Pra\u017esk\u00e9 50 Jirka Je\u017eek. Pravda, m\u00e1lem se n\u00e1m tam utopil v brodu u Oko\u0159e, ale t\u011bm ostatn\u00edm dok\u00e1zal, \u017ee to jde. Dneska je to &#8222;n\u00e1\u0161 obr&#8220; Tom\u00e1\u0161 Pouch a objevuj\u00ed se dal\u0161\u00ed, nap\u0159\u00edklad z\u00e1vody tandem\u016f nevidom\u00fdch, dneska s Jirkou Chybou jako s vodi\u010dem jezd\u00ed Marek Moflar a cht\u011bj\u00ed na paralympi\u00e1du. A p\u0159ed p\u00e1r dny se na startu v Jistebnici objevil dal\u0161\u00ed handicapovan\u00fd, Pavel Tvrd\u00edk, kter\u00fd m\u00e1 amputovanou nohu nad kolem. Byl to jeho prvn\u00ed z\u00e1vod a byl z toho nad\u0161en\u00fd. My taky, tak\u017ee t\u00edm je \u0159e\u010deno v\u0161echno&#8230;&#8220; <\/em><\/p>\n<p><strong> 4. Robert Bakal\u00e1\u0159 to nen\u00ed pouze ve\u0159ejnosti zn\u00e1m\u00fd &#8222;hlas&#8220;. Osobn\u011b se \u00fa\u010dastn\u00ed\u0161 cel\u00e9 \u0159ada z\u00e1vod\u016f, kter\u00e9 moderuje\u0161. Kter\u00fd z\u00e1vod ze seri\u00e1lu Kolo pro \u017eivot m\u00e1\u0161 nejrad\u011bji a kter\u00fd by si \u010dten\u00e1\u0159\u016fm doporu\u010dil? <\/strong><\/p>\n<p><em> &#8222;M\u011bli bychom mluvit sp\u00ed\u0161 v minul\u00e9m \u010dase: dneska cel\u00fd seri\u00e1l moderuje Tom\u00e1\u0161 Hauptvogel, report\u00e9r a moder\u00e1tor z Novy. Mn\u011b tak\u0159ka zcela \u010dasov\u011b pohlcuje moderov\u00e1n\u00ed na Eurosportu. A j\u00e1 o z\u00e1vodech (a hlavn\u011b o lidech, kte\u0159\u00ed nab\u00edzej\u00ed neuv\u011b\u0159iteln\u00e9 \u017eivotn\u00ed p\u0159\u00edhody), p\u00ed\u0161u v \u010dasopise Kolo pro \u017eivot. Ale ono je t\u011b\u017ek\u00e9 vytypovat jeden z\u00e1vod z mnoha: ka\u017ed\u00fd je zaj\u00edmav\u00fd, ka\u017ed\u00fd je kr\u00e1sn\u00fd, by\u0165 jinak. N\u011bkter\u00e9 jsou rovinat\u011bj\u0161\u00ed, jin\u00e9 techni\u010dt\u011bj\u0161\u00ed&#8230;Ale co hlavn\u011b: dneska je t\u011bch 15 z\u00e1vod\u016f po cel\u00e9 republice, ve v\u0161ech kraj\u00edch. A tak si ka\u017ed\u00fd m\u016f\u017ee vybrat podle sv\u00e9ho gusta.&#8220; <\/em><\/p>\n<p><strong> 5. Jsi po\u0159adatelem je\u0161t\u011b jednoho z\u00e1vodu, kter\u00fd u n\u00e1s nem\u00e1 obdobu: presti\u017en\u00edho z\u00e1vodu Pra\u017esk\u00e9 schody, kter\u00fd je doslova cyklistick\u00fdm sv\u00e1tkem s \u0159adou hv\u011bzd na\u0161\u00ed i sv\u011btov\u00e9 cyklistiky &#8211; z\u00e1vod absolvovali nap\u0159. mist\u0159i sv\u011bta: Julien Absolon, Miguel Martinez, Christop Souser, ale i n\u00e1\u0161 Jaroslav Kulhav\u00fd \u010di Ji\u0159\u00ed Je\u017eek. A pr\u00e1v\u011b handicapovan\u00ed cyklist\u00e9 v tomto z\u00e1vod\u011b na\u0161li sv\u00e9 m\u00edsto, v lo\u0148sk\u00e9m roce jste po schodech symbolicky poslali do Pekingu na paralympi\u00e1du Jirku Je\u017eka s Tom\u00e1\u0161em Kvasni\u010dkou, letos se k Jirkovi p\u0159idal i tandem s nevidom\u00fdm cyklistou Markem Moflarem a pilotem Jirkou Chybou. Jak\u00fd je Tv\u016fj pohled na sou\u010dasnou sv\u011btovou cyklistiku handicapovan\u00fdch? <\/strong><\/p>\n<p><em> &#8222;Kdy\u017e se pod\u00edv\u00e1m na to, co t\u0159eba u\u017e l\u00e9ta p\u0159edv\u00e1d\u00ed Jirka Je\u017eek, tak by se cht\u011blo \u0159\u00edci, \u017ee ti zdrav\u00ed &#8222;obounoz\u00ed \u010di obouruc\u00ed a s ob\u011bma zdrav\u00fdma o\u010dima&#8220; se maj\u00ed od handicapovan\u00fdch co u\u010dit. V takov\u00fdch p\u0159\u00edpadech posti\u017een\u00ed je pot\u0159eba k jak\u00e9mukoliv sportu &#8211; a samoz\u0159ejm\u011b i cyklistice &#8211; daleko v\u00edc v\u016fle a mor\u00e1lky.&#8220; <\/em><\/p>\n<p> <img decoding=\"async\" src=\"\/wordpress\/image\/k_clankum\/cyklistika 2009 022.jpg\"><\/p>\n","protected":false},"excerpt":{"rendered":"<a href=\"https:\/\/www.caths.cz\/wordpress\/5-otazek-pro-sportovniho-komentatora-roberta-bakalare\/\"><img loading=\"lazy\" decoding=\"async\" width=\"100\" height=\"100\" src=\"https:\/\/www.caths.cz\/wordpress\/wp-content\/plugins\/thumbnail-for-excerpts\/tfe_no_thumb.png\" class=\"alignleft wp-post-image tfe\" alt=\"\" title=\"\" \/><\/a><p>1. Roberte, \u00favodem se zept\u00e1m na to, co zaj\u00edm\u00e1 snad \u00fapln\u011b v\u0161echny, kte\u0159\u00ed sleduj\u00ed cyklistick\u00e9 a sportovn\u00ed p\u0159enosy &#8211; jak dok\u00e1\u017ee\u0161 ukomentovat 5- ti hodinov\u00fd p\u0159\u00edm\u00fd p\u0159enos? Jak\u00e1 p\u0159\u00edprava tomu [&hellip;]<\/p>\n","protected":false},"author":1,"featured_media":0,"comment_status":"closed","ping_status":"closed","sticky":false,"template":"","format":"standard","meta":{"ngg_post_thumbnail":0,"footnotes":""},"categories":[16],"tags":[],"class_list":["post-1083","post","type-post","status-publish","format-standard","hentry","category-rozhovory"],"_links":{"self":[{"href":"https:\/\/www.caths.cz\/wordpress\/wp-json\/wp\/v2\/posts\/1083","targetHints":{"allow":["GET"]}}],"collection":[{"href":"https:\/\/www.caths.cz\/wordpress\/wp-json\/wp\/v2\/posts"}],"about":[{"href":"https:\/\/www.caths.cz\/wordpress\/wp-json\/wp\/v2\/types\/post"}],"author":[{"embeddable":true,"href":"https:\/\/www.caths.cz\/wordpress\/wp-json\/wp\/v2\/users\/1"}],"replies":[{"embeddable":true,"href":"https:\/\/www.caths.cz\/wordpress\/wp-json\/wp\/v2\/comments?post=1083"}],"version-history":[{"count":0,"href":"https:\/\/www.caths.cz\/wordpress\/wp-json\/wp\/v2\/posts\/1083\/revisions"}],"wp:attachment":[{"href":"https:\/\/www.caths.cz\/wordpress\/wp-json\/wp\/v2\/media?parent=1083"}],"wp:term":[{"taxonomy":"category","embeddable":true,"href":"https:\/\/www.caths.cz\/wordpress\/wp-json\/wp\/v2\/categories?post=1083"},{"taxonomy":"post_tag","embeddable":true,"href":"https:\/\/www.caths.cz\/wordpress\/wp-json\/wp\/v2\/tags?post=1083"}],"curies":[{"name":"wp","href":"https:\/\/api.w.org\/{rel}","templated":true}]}}