{"id":1082,"date":"2009-06-23T19:26:35","date_gmt":"2009-06-23T18:26:35","guid":{"rendered":"http:\/\/www.caths.cz\/wordpress\/?p=1082"},"modified":"2009-06-23T19:26:35","modified_gmt":"2009-06-23T18:26:35","slug":"pojed-s-nami-2862009-5-a-6-zavod-ceskeho-poharu-tandemu-zrakove-postizenych-cyklistu-v-trebenicich","status":"publish","type":"post","link":"https:\/\/www.caths.cz\/wordpress\/pojed-s-nami-2862009-5-a-6-zavod-ceskeho-poharu-tandemu-zrakove-postizenych-cyklistu-v-trebenicich\/","title":{"rendered":"Poje\u010f s n\u00e1mi 28.6.2009 &#8211; 5. a 6. z\u00e1vod \u010cesk\u00e9ho poh\u00e1ru tandem\u016f zrakov\u011b posti\u017een\u00fdch cyklist\u016f v T\u0159ebenic\u00edch"},"content":{"rendered":"<p align=\"justify\">Poje\u010f s n\u00e1mi 28.6.2009 &#8211; 5. a 6. z\u00e1vod \u010cesk\u00e9ho poh\u00e1ru tandem\u016f zrakov\u011b posti\u017een\u00fdch cyklist\u016f v T\u0159ebenic\u00edch. Jedn\u00e1 se o dvojz\u00e1vod &#8211; dopoledn\u00ed silni\u010dn\u00ed z\u00e1vod a odpoledn\u00ed \u010dasovku do vrchu. \u010casovka je z\u00e1rove\u0148 Mistrovstv\u00edm \u010cR tandem\u016f zrakov\u011b posti\u017een\u00fdch cyklist\u016f.<\/p>\n<p align=\"justify\"> \u010casovka i silni\u010dn\u00ed z\u00e1vod je OPEN pro v\u0161echny cyklisty, bez rozd\u00edlu kategori\u00ed, handicapu \u010di v\u00fdkonnosti. Z\u00e1vod tradi\u010dn\u011b po\u0159\u00e1d\u00e1 SK Handicapovan\u00fdch cyklist\u016f Praha a Povltavsk\u00fd sportovn\u00ed klub DA-BA.<\/p>\n<p> Tak p\u0159ije\u010fte a poje\u010fte s n\u00e1mi!<\/p>\n<p> <img decoding=\"async\" src=\"\/wordpress\/image\/k_clankum\/Drevniky_001.jpg\"><\/p>\n","protected":false},"excerpt":{"rendered":"<a href=\"https:\/\/www.caths.cz\/wordpress\/pojed-s-nami-2862009-5-a-6-zavod-ceskeho-poharu-tandemu-zrakove-postizenych-cyklistu-v-trebenicich\/\"><img loading=\"lazy\" decoding=\"async\" width=\"100\" height=\"100\" src=\"https:\/\/www.caths.cz\/wordpress\/wp-content\/plugins\/thumbnail-for-excerpts\/tfe_no_thumb.png\" class=\"alignleft wp-post-image tfe\" alt=\"\" title=\"\" \/><\/a><p>Poje\u010f s n\u00e1mi 28.6.2009 &#8211; 5. a 6. z\u00e1vod \u010cesk\u00e9ho poh\u00e1ru tandem\u016f zrakov\u011b posti\u017een\u00fdch cyklist\u016f v T\u0159ebenic\u00edch. Jedn\u00e1 se o dvojz\u00e1vod &#8211; dopoledn\u00ed silni\u010dn\u00ed z\u00e1vod a odpoledn\u00ed \u010dasovku do vrchu. [&hellip;]<\/p>\n","protected":false},"author":1,"featured_media":0,"comment_status":"closed","ping_status":"closed","sticky":false,"template":"","format":"standard","meta":{"ngg_post_thumbnail":0,"footnotes":""},"categories":[2],"tags":[],"class_list":["post-1082","post","type-post","status-publish","format-standard","hentry","category-cyklistika"],"_links":{"self":[{"href":"https:\/\/www.caths.cz\/wordpress\/wp-json\/wp\/v2\/posts\/1082","targetHints":{"allow":["GET"]}}],"collection":[{"href":"https:\/\/www.caths.cz\/wordpress\/wp-json\/wp\/v2\/posts"}],"about":[{"href":"https:\/\/www.caths.cz\/wordpress\/wp-json\/wp\/v2\/types\/post"}],"author":[{"embeddable":true,"href":"https:\/\/www.caths.cz\/wordpress\/wp-json\/wp\/v2\/users\/1"}],"replies":[{"embeddable":true,"href":"https:\/\/www.caths.cz\/wordpress\/wp-json\/wp\/v2\/comments?post=1082"}],"version-history":[{"count":0,"href":"https:\/\/www.caths.cz\/wordpress\/wp-json\/wp\/v2\/posts\/1082\/revisions"}],"wp:attachment":[{"href":"https:\/\/www.caths.cz\/wordpress\/wp-json\/wp\/v2\/media?parent=1082"}],"wp:term":[{"taxonomy":"category","embeddable":true,"href":"https:\/\/www.caths.cz\/wordpress\/wp-json\/wp\/v2\/categories?post=1082"},{"taxonomy":"post_tag","embeddable":true,"href":"https:\/\/www.caths.cz\/wordpress\/wp-json\/wp\/v2\/tags?post=1082"}],"curies":[{"name":"wp","href":"https:\/\/api.w.org\/{rel}","templated":true}]}}