{"id":1081,"date":"2009-06-22T08:26:31","date_gmt":"2009-06-22T07:26:31","guid":{"rendered":"http:\/\/www.caths.cz\/wordpress\/?p=1081"},"modified":"2009-06-22T08:26:31","modified_gmt":"2009-06-22T07:26:31","slug":"historicky-prvnimi-mistry-cr-tandemu-zrakove-postizenych-cyklistu-v-silnicnim-zavode-jsou-marek-moflar-a-jiri-chyba","status":"publish","type":"post","link":"https:\/\/www.caths.cz\/wordpress\/historicky-prvnimi-mistry-cr-tandemu-zrakove-postizenych-cyklistu-v-silnicnim-zavode-jsou-marek-moflar-a-jiri-chyba\/","title":{"rendered":"Historicky prvn\u00edmi Mistry \u010cR tandem\u016f zrakov\u011b posti\u017een\u00fdch cyklist\u016f v silni\u010dn\u00edm z\u00e1vod\u011b jsou Marek Moflar a Ji\u0159\u00ed Chyba"},"content":{"rendered":"<p align=\"justify\">\nZ t\u00fdmu Rubena Specialized Cycling Team. Nevidom\u00fd Marek Moflar s pilotem Ji\u0159\u00edm Chybou se dnes v Drevn\u00edk\u00e1ch, na kr\u00e1sn\u00e9 a t\u011b\u017ek\u00e9 trati, stali v\u00edt\u011bzi historicky prvn\u00edho Mistrovstv\u00ed \u010cesk\u00e9 republiky tandem\u016f zrakov\u011b posti\u017een\u00fdch. Tato talentovan\u00e1 pos\u00e1dka nikoho nenechala na pochyb\u00e1ch, o sv\u00e9m postaven\u00ed v \u010cesk\u00e9 republice a chlapci s velik\u00fdm n\u00e1skokem zv\u00edt\u011bzili p\u0159ed pos\u00e1dkami Trnka &#8211; Kraus a Charv\u00e1t &#8211; Klad\u00edvko.<\/p>\n<p align=\"justify\"> Moflara s Chybou porazila v OPEN z\u00e1vod\u011b pouze pos\u00e1dka vicemistr\u016f sv\u011bta ze Slovenska Janovjak &#8211; Stan\u010d\u00edk.<br \/><em> &#8222;Mus\u00edme je\u0161t\u011b v\u00edc tr\u00e9novat&#8220;<\/em> komentoval lakonicky p\u0159\u00edm\u00fd souboj s jedn\u00edm z nejlep\u0161\u00edch tandem\u016f sv\u011bta, pilot Ji\u0159\u00ed Chyba.<\/p>\n<p> Organiza\u010dn\u011b v\u00fdborn\u011b zvl\u00e1dnut\u00fdch z\u00e1vod\u016f se z\u00fa\u010dastnili v r\u00e1mci tr\u00e9niku i dal\u0161\u00ed reprezentanti, v \u010dele s mistrem sv\u011bta Ji\u0159\u00edm Je\u017ekem \u010di paralympijsk\u00fdm medailistou Tom\u00e1\u0161em Kvasni\u010dkou, Radimem Pavl\u00edkem, Ale\u0161em Wasserbauerem nebo Janem Tom\u00e1nkem.<br \/> Ji\u0159\u00ed Je\u017eek se p\u0159ipravuje na \u010dtvrte\u010dn\u00ed Mistrovstv\u00ed \u010cR profesion\u00e1l\u016f v \u010dasovce na Slovensku a jak se div\u00e1ci mohli p\u0159esv\u011bd\u010dit, jede opravdu v\u00fdborn\u011b a ve velik\u00e9 form\u011b.<\/p>\n<p> Z\u00e1vody \u010cesk\u00e9ho poh\u00e1ru tandem\u016f ZP cyklist\u016f pokra\u010duj\u00ed 28.6. 2009, 5.a 6. z\u00e1vodem v T\u0159ebenic\u00edch, kdy 6. z\u00e1vod bude z\u00e1rove\u0148 i Mistrovstv\u00edm \u010cR v \u010dasovce tandem\u016f ZP. <\/p>\n<p> Foto: V. Zapletal, I. Hrdinkov\u00e1 <\/p>\n<p> <img decoding=\"async\" src=\"\/wordpress\/image\/k_clankum\/mcr_tandemy09\/090621_Zavod_M-CR_Drevniky_002.jpg\"><\/p>\n<p> <img decoding=\"async\" src=\"\/wordpress\/image\/k_clankum\/mcr_tandemy09\/cyklistika 2009 105.jpg\"><\/p>\n<p> <img decoding=\"async\" src=\"\/wordpress\/image\/k_clankum\/mcr_tandemy09\/cyklistika 2009 106.jpg\"><\/p>\n<p> <img decoding=\"async\" src=\"\/wordpress\/image\/k_clankum\/mcr_tandemy09\/cyklistika 2009 109.jpg\"><\/p>\n<p> <img decoding=\"async\" src=\"\/wordpress\/image\/k_clankum\/mcr_tandemy09\/cyklistika 2009 113.jpg\"><\/p>\n<p> <img decoding=\"async\" src=\"\/wordpress\/image\/k_clankum\/mcr_tandemy09\/cyklistika 2009 122.jpg\"><\/p>\n<p> <img decoding=\"async\" src=\"\/wordpress\/image\/k_clankum\/mcr_tandemy09\/cyklistika 2009 123.jpg\"><\/p>\n<p> <img decoding=\"async\" src=\"\/wordpress\/image\/k_clankum\/mcr_tandemy09\/cyklistika 2009 128.jpg\"><\/p>\n<p> <img decoding=\"async\" src=\"\/wordpress\/image\/k_clankum\/mcr_tandemy09\/cyklistika 2009 130.jpg\"><\/p>\n<p> <img decoding=\"async\" src=\"\/wordpress\/image\/k_clankum\/mcr_tandemy09\/cyklistika 2009 135.jpg\"><\/p>\n<p> <img decoding=\"async\" src=\"\/wordpress\/image\/k_clankum\/mcr_tandemy09\/cyklistika 2009 137.jpg\"><\/p>\n<p> <img decoding=\"async\" src=\"\/wordpress\/image\/k_clankum\/mcr_tandemy09\/cyklistika 2009 138.jpg\"><\/p>\n<p> <img decoding=\"async\" src=\"\/wordpress\/image\/k_clankum\/mcr_tandemy09\/cyklistika 2009 141.jpg\"><\/p>\n<p> <img decoding=\"async\" src=\"\/wordpress\/image\/k_clankum\/mcr_tandemy09\/cyklistika 2009 142.jpg\"><\/p>\n<p> <img decoding=\"async\" src=\"\/wordpress\/image\/k_clankum\/mcr_tandemy09\/cyklistika 2009 144.jpg\"><\/p>\n<p> <img decoding=\"async\" src=\"\/wordpress\/image\/k_clankum\/mcr_tandemy09\/cyklistika 2009 145.jpg\"><\/p>\n<p> <img decoding=\"async\" src=\"\/wordpress\/image\/k_clankum\/mcr_tandemy09\/cyklistika 2009 146.jpg\"><\/p>\n<p> <img decoding=\"async\" src=\"\/wordpress\/image\/k_clankum\/mcr_tandemy09\/cyklistika 2009 149.jpg\"><\/p>\n","protected":false},"excerpt":{"rendered":"<a href=\"https:\/\/www.caths.cz\/wordpress\/historicky-prvnimi-mistry-cr-tandemu-zrakove-postizenych-cyklistu-v-silnicnim-zavode-jsou-marek-moflar-a-jiri-chyba\/\"><img loading=\"lazy\" decoding=\"async\" width=\"100\" height=\"100\" src=\"https:\/\/www.caths.cz\/wordpress\/wp-content\/plugins\/thumbnail-for-excerpts\/tfe_no_thumb.png\" class=\"alignleft wp-post-image tfe\" alt=\"\" title=\"\" \/><\/a><p>Z t\u00fdmu Rubena Specialized Cycling Team. Nevidom\u00fd Marek Moflar s pilotem Ji\u0159\u00edm Chybou se dnes v Drevn\u00edk\u00e1ch, na kr\u00e1sn\u00e9 a t\u011b\u017ek\u00e9 trati, stali v\u00edt\u011bzi historicky prvn\u00edho Mistrovstv\u00ed \u010cesk\u00e9 republiky tandem\u016f [&hellip;]<\/p>\n","protected":false},"author":1,"featured_media":0,"comment_status":"closed","ping_status":"closed","sticky":false,"template":"","format":"standard","meta":{"ngg_post_thumbnail":0,"footnotes":""},"categories":[2],"tags":[],"class_list":["post-1081","post","type-post","status-publish","format-standard","hentry","category-cyklistika"],"_links":{"self":[{"href":"https:\/\/www.caths.cz\/wordpress\/wp-json\/wp\/v2\/posts\/1081","targetHints":{"allow":["GET"]}}],"collection":[{"href":"https:\/\/www.caths.cz\/wordpress\/wp-json\/wp\/v2\/posts"}],"about":[{"href":"https:\/\/www.caths.cz\/wordpress\/wp-json\/wp\/v2\/types\/post"}],"author":[{"embeddable":true,"href":"https:\/\/www.caths.cz\/wordpress\/wp-json\/wp\/v2\/users\/1"}],"replies":[{"embeddable":true,"href":"https:\/\/www.caths.cz\/wordpress\/wp-json\/wp\/v2\/comments?post=1081"}],"version-history":[{"count":0,"href":"https:\/\/www.caths.cz\/wordpress\/wp-json\/wp\/v2\/posts\/1081\/revisions"}],"wp:attachment":[{"href":"https:\/\/www.caths.cz\/wordpress\/wp-json\/wp\/v2\/media?parent=1081"}],"wp:term":[{"taxonomy":"category","embeddable":true,"href":"https:\/\/www.caths.cz\/wordpress\/wp-json\/wp\/v2\/categories?post=1081"},{"taxonomy":"post_tag","embeddable":true,"href":"https:\/\/www.caths.cz\/wordpress\/wp-json\/wp\/v2\/tags?post=1081"}],"curies":[{"name":"wp","href":"https:\/\/api.w.org\/{rel}","templated":true}]}}