{"id":1079,"date":"2009-06-21T09:38:31","date_gmt":"2009-06-21T08:38:31","guid":{"rendered":"http:\/\/www.caths.cz\/wordpress\/?p=1079"},"modified":"2009-06-21T09:38:31","modified_gmt":"2009-06-21T08:38:31","slug":"druha-vyprava-na-kance","status":"publish","type":"post","link":"https:\/\/www.caths.cz\/wordpress\/druha-vyprava-na-kance\/","title":{"rendered":"Druh\u00e1 v\u00fdprava na kance"},"content":{"rendered":"<p>Dal\u0161\u00ed z cyklistick\u00fdch report\u00e1\u017e\u00ed Tom\u00e1\u0161e Poucha<\/p>\n<p align=\"justify\"> <strong> Kdesi v les\u00edch<\/strong><\/p>\n<p> Skupinka lovc\u016f se nehlu\u010dn\u011b pohybuje hust\u00fdm lesem. Slab\u00fd v\u00edtr jim jde v \u00fastrety a bl\u00ed\u017e\u00edc\u00ed se \u0161ero pomalu oslepuje. Obrovsk\u00fd divo\u010d\u00e1k se bezstarostn\u011b drbe o vzrostlou borovici, a\u017e kusy k\u016fry odletuj\u00ed do n\u00edzk\u00e9 tr\u00e1vy. Jeden z lovc\u016f zauj\u00edm\u00e1 v\u00fdhodn\u00e9 m\u00edsto, k rameni p\u0159ikl\u00e1d\u00e1 svou kulovnici a zadr\u017euje dech. Zam\u011b\u0159ovac\u00ed dalekohled si u\u017e na\u0161el sv\u016fj c\u00edl, v nepatrn\u00e9 v\u011b\u010dnosti ukazov\u00e1\u010dek tiskne spou\u0161\u0165, kter\u00e1 se podd\u00e1 tlaku a spou\u0161t\u00ed mechanismus flinty.<br \/> Ohlu\u0161uj\u00edc\u00ed h\u0159mot probud\u00ed sp\u00edc\u00ed les. Kulovnice se m\u00edrn\u011b zved\u00e1 st\u0159elci v rukou, pt\u00e1ci spla\u0161en\u011b opou\u0161t\u011bj\u00ed \u00fakryty v korun\u00e1ch strom\u016f a hlasit\u00fdm k\u0159ikem d\u00e1vaj\u00ed najevo svou nelibost k naru\u0161iteli podve\u010dern\u00edho ticha. Kanec odsko\u010d\u00ed od borovice a sna\u017e\u00ed se zmizet v hust\u00e9m ml\u00e1z\u00ed, kter\u00e9 je asi 20metr\u016f vzd\u00e1len\u00e9. Ale ka\u017ed\u00fd jeho skok je men\u0161\u00ed, s\u00edla ho pomalu opou\u0161t\u00ed. Je\u0161t\u011b ne\u017e stihne zmizet v ml\u00e1z\u00ed, ozve se druh\u00e1 r\u00e1na, kter\u00e1 s kancem sm\u00fdkne. Jeho t\u011blo nar\u00e1\u017e\u00ed do kmenu stromu a pad\u00e1 do tr\u00e1vy. Je\u0161t\u011b se naposled pokou\u0161\u00ed zvednout\u2026. <\/p>\n<p> Ne, nebojte! V\u00fdprava na kance v pod\u00e1n\u00ed \u010cern\u00fdch kon\u00ed m\u00e1 \u00fapln\u011b jin\u00fd charakter\u2026 <\/p>\n<p><strong> Rann\u00ed rozhodov\u00e1n\u00ed<\/strong><\/p>\n<p> Sobotn\u00ed r\u00e1no je studen\u00e9 a \u0161ed\u00e9. Souvisl\u00fd mrak schoval slunce a ob\u010dasn\u00fd d\u00e9\u0161\u0165 d\u00e1v\u00e1 tu\u0161it, \u017ee b\u011bhem dne se u\u017e po\u010das\u00ed nezm\u011bn\u00ed. Stan \u010cern\u00fdch kon\u00ed jsme postavili v centru n\u00e1vsi, a testovac\u00ed kola Specialized a Marin jsou p\u0159ipraveny ve stojanech, a jako kon\u011b v ohrad\u011b \u010dekaj\u00ed na sv\u00e9 jezdce. Z restaurace U l\u00edpy se ji\u017e \u0161\u00ed\u0159\u00ed v\u016fn\u011b va\u0159\u00edc\u00ed pol\u00e9vky. Centrum vesnice, i p\u0159ilehl\u00e9 uli\u010dky se pln\u00ed auty. Po\u0161mourn\u00e9 po\u010das\u00ed se na\u0161t\u011bst\u00ed v\u016fbec neodr\u00e1\u017e\u00ed na n\u00e1lad\u011b v\u00fdpravy, sed\u00edme v hosp\u016fdce a zah\u0159\u00edv\u00e1me se horkou pol\u00e9vkou. A je rozhodnuto, v\u00fdprava bude! Des\u00e1t\u00e1 hodina se kvapem bl\u00ed\u017e\u00ed, a tak p\u0159\u00edpravy vrchol\u00ed. Ka\u017ed\u00fd si je\u0161t\u011b naposled zkontroluje sv\u00e9 kolo, upevn\u00ed pam\u011btn\u00ed \u010d\u00edslo a \u0159ad\u00ed se k ostatn\u00edm. M\u00e9 obavy, \u017ee za de\u0161t\u011b nikdo nep\u0159ijede, se na\u0161t\u011bst\u00ed nepotvrdili. Kr\u00e1tce po des\u00e1t\u00e9 hodin\u011b p\u0159ij\u00ed\u017ed\u00ed i patron \u010cern\u00fdch kon\u00ed, herec Pavel Nov\u00fd, aby svou p\u0159\u00edtomnost\u00ed podpo\u0159il tuto akci. C\u00edlem je p\u0159il\u00e1kat fajn lidi, bez ohledu na to, zda n\u011bkdo m\u00e1 n\u011bjak\u00fd handicap. Zde jsme si v\u0161ichni rovni. <\/p>\n<p><strong> J\u00e1 chci taky medaili!<\/strong><\/p>\n<p> Op\u011bt za\u010d\u00edn\u00e1 pr\u0161et, v duchu p\u011bkn\u011b zanad\u00e1v\u00e1m, zrovna te\u010f, kdy\u017e se m\u00e1 vyrazit. Z tv\u00e1\u0159\u00ed p\u0159\u00edtomn\u00fdch se d\u00e1 vy\u010d\u00edst odhodl\u00e1n\u00ed, nikdo to nechce p\u0159edem vzd\u00e1t, tak zavel\u00edm: Do sedel!<br \/> V\u00fdprava vyr\u00e1\u017e\u00ed sm\u011br Kersko. Je\u0161t\u011b vyto\u010d\u00edm na sv\u00e9m telefonu restauraci H\u00e1jenka a oznamuji: Tak n\u00e1s nakonec je 30, pros\u00edm rezervaci na 13. hodinu.<br \/> V \u010dele v\u00fdpravy jede Mirek Pitra, Honza Tom\u00e1nek a Zden\u011bk Kirch, v\u0161ichni na handbike, n\u00e1sledovan\u00ed po\u010detnou skupinou cyklist\u016f. Uprost\u0159ed toho v\u0161eho se pohybuje i ps\u00ed sp\u0159e\u017een\u00ed na ruby. To Ad\u00e9lka nedok\u00e1zala doma zanechat sv\u00e9 mazl\u00ed\u010dky, tak si za kolo p\u0159imontovala boudu na kole\u010dk\u00e1ch, a vzala pejsky tak\u00e9 na kance. Cel\u00fd peloton uzav\u00edraj\u00ed modr\u00e9 maj\u00e1ky hasi\u010dsk\u00e9ho vozu.<br \/> Na\u0161e v\u00fdprava bud\u00ed v proj\u00ed\u017ed\u011bj\u00edc\u00edch vesnic\u00edch p\u011bkn\u00e9 pozdvi\u017een\u00ed, nen\u00ed \u010dlov\u011bka, kter\u00fd by se za n\u00e1mi minim\u00e1ln\u011b neohl\u00e9dl. P\u00e1r lid\u00ed n\u00e1s i povzbuzuje a zdrav\u00ed. Na velk\u00fdch k\u0159i\u017eovatk\u00e1ch zastavujeme provoz, abychom v\u0161ichni hladce a bez \u00fahony dojeli a\u017e do H\u00e1jenky v Kersku. Ve 13:05 p\u0159ij\u00ed\u017ed\u00edme do c\u00edle v\u00fdpravy, kde n\u00e1s v\u00edt\u00e1 Pavel Nov\u00fd se slovy: P\u0159\u00e1tel\u00e9, kamar\u00e1di! My v\u00e1m ty medaile p\u0159ivezeme! <\/p>\n<p><strong> \u0160\u00edpkovou! Se zel\u00edm!<\/strong><\/p>\n<p> Jako v\u017edy, v\u00fdprava se nedok\u00e1\u017ee dohodnout, tak se d\u011bl\u00edme na dva t\u00e1bory. J\u00e1, abych neurazil, si d\u00e1v\u00e1m od ka\u017ed\u00e9ho. <br \/> Vyplaven\u00e9 endorfiny, pivo a dobr\u00e1 krm\u011b vytv\u00e1\u0159\u00ed uvoln\u011bnou atmosf\u00e9ru. Ka\u017ed\u00fd si zde u\u017e\u00edv\u00e1 chvilky pohody. Obsluha kolem n\u00e1s poletuje k naprost\u00e9 spokojenosti. Ob\u010das se od stolu ozve v\u00fdzva na vrchn\u00edho: Do\u0161lo mi j\u00eddlo! <br \/> V\u0161e ale jednou mus\u00ed skon\u010dit, a tak op\u011bt za doprovodu de\u0161\u0165ov\u00fdch kapek vyr\u00e1\u017e\u00edme zp\u011bt na z\u00e1kladnu U l\u00edpy. Zp\u00e1te\u010dn\u00ed cesta u\u017e utekla rychle, ka\u017ed\u00e9ho prov\u011b\u0159il proslul\u00fd kozovazsk\u00fd kopec a siln\u00fd protiv\u00edtr. Na z\u00e1kladnu se vrac\u00edme v pln\u00e9m po\u010dtu. <\/p>\n<p><strong> \u017dab\u00ed sperma a kanec roku<\/strong><\/p>\n<p> Na z\u00e1v\u011br n\u00e1s \u010dekal je\u0161t\u011b jeden \u00fakol. Souboj na handbike. Ka\u017ed\u00fd si vyzkou\u0161el j\u00edzdu na handbike, a zasout\u011b\u017eil o titul Kanec roku, kter\u00fdm se nakonec st\u00e1v\u00e1 v \u017eensk\u00e9 kategorii Petra Opo\u010densk\u00e1, a v mu\u017e\u00edch v\u00edt\u011bz\u00ed Tonda Bernhauer. Oba kanci ji\u017e tradi\u010dn\u011b p\u0159eb\u00edraj\u00ed jako v\u00fdhru tematick\u00fd film Slavnosti sn\u011b\u017eenek.<br \/> Pot\u00e9 se op\u011bt na\u0161e po\u010detn\u00e1 skupina p\u0159esouv\u00e1 do m\u00edstn\u00ed hosp\u016fdky. Zde se zah\u0159ejeme na t\u011ble i na du\u0161i, k tomu n\u00e1m dopom\u00e1hej \u017eab\u00ed sperma, tradi\u010dn\u00ed n\u00e1poj na\u0161ich v\u00fdprav. S bl\u00ed\u017e\u00edc\u00ed se p\u016flnoc\u00ed se na\u0161e skupinka smrsk\u00e1v\u00e1 na minimum, a\u017e z\u016fst\u00e1v\u00e1me posledn\u00ed t\u0159i. Leto\u0161n\u00ed v\u00fdprava se v\u00edc ne\u017e vyda\u0159ila. <\/p>\n<p><strong> \u00dasp\u011bch v\u00fdpravy<\/strong><\/p>\n<p> P\u0159\u00ednos t\u00e9to akce nen\u00ed mo\u017en\u00e1 mnoh\u00fdm zjevn\u00fd, setkal jsem se i s kritikou. Co pr\u00fd to organizujeme za akci, nav\u00edc s p\u0159\u00edzviskem sportovn\u00ed? V\u017edy\u0165 se jedn\u00e1 o \u017er\u00e1dlo a chlast, a to ke sportu nepat\u0159\u00ed.<br \/> Tato akce je spole\u010densko-sportovn\u00ed ud\u00e1lost, rozb\u00edj\u00ed mantinely, kter\u00e9 vybudovali p\u0159edsudky a neznalost. Setk\u00e1vaj\u00ed se zde lid\u00e9 zdrav\u00ed s handicapovan\u00fdmi i aktivn\u00ed sportovci s nesportuj\u00edc\u00ed ve\u0159ejnost\u00ed. Zde ale nem\u00e1 v\u00fdhodu nikdo, z\u00e1vod\u011bn\u00ed je p\u0159\u00edsn\u011b zak\u00e1z\u00e1no a rychlost se p\u0159izp\u016fsobuje v\u0161em.<\/p>\n<p> Ve \u010dtvrtek 28.5.2009, dva dny p\u0159ed V\u00fdpravou na kance, \u010cesk\u00fd rozhlas pou\u0161t\u00ed do \u00e9teru hodinovou rozpravu s Pavlem Nov\u00fdm, Robertem Bakal\u00e1\u0159em a Tom\u00e1\u0161em Pouchem o \u010cern\u00fdch kon\u00edch. Je to a\u017e neuv\u011b\u0159iteln\u00e9, ale na z\u00e1klad\u011b tohoto vys\u00edl\u00e1n\u00ed se na\u0161e v\u00fdprava rozrostla o dva nov\u00e9 \u010dleny. <\/p>\n<p> Zden\u011bk Kirch, je po \u00farazu v rehabilita\u010dn\u00edm \u00fastavu v Kladrubech, kde bude je\u0161t\u011b 4 m\u011bs\u00edce. Ale to mu nezabr\u00e1nilo v tom, aby n\u00e1s kontaktoval. Slovo dalo slovo, a ji\u017e v p\u00e1tek ve\u010der, spole\u010dn\u011b s Mirkem Pitrou zab\u00edr\u00e1 otcovu lo\u017enici v na\u0161em mal\u00e9m rodinn\u00e9m domku. Domluvili jsme se, \u017ee u n\u00e1s p\u0159esp\u00ed a r\u00e1no se aktivn\u011b z\u00fa\u010dastn\u00ed v\u00fdpravy. Handbike, kter\u00fd bezplatn\u011b p\u016fj\u010dujeme voz\u00ed\u010dk\u00e1\u0159\u016fm, byl shodou okolnost\u00ed v tomto term\u00ednu nezad\u00e1n. Nad\u0161en\u00ed, kter\u00e9 ze Zde\u0148ka vyza\u0159ovalo, bylo naka\u017eliv\u00e9, a tak je\u0161t\u011b v p\u00e1tek ve\u010der na pivu p\u0159emlouv\u00e1 p\u00e1r m\u00edstn\u00edch, aby vzali kola a jeli s n\u00e1mi.<\/p>\n<p> Pavel Tvrd\u00edk si v sobotu sedl k po\u010d\u00edta\u010di, a \u0159ekl si, \u017ee se pod\u00edv\u00e1, co jsou ti \u010cern\u00ed kon\u011b za\u010d. Rozhovor na r\u00e1diu ho oslovil, a to nejen proto, \u017ee nem\u00e1 nohu. Na internetu zji\u0161\u0165uje, \u017ee za hodinu a p\u016fl za\u010d\u00edn\u00e1 V\u00fdprava na kance. Z Kol\u00edna do Jiren to m\u00e1 40km a tak rychle nakl\u00e1d\u00e1 kolo do auta a u\u017e se \u0159\u00edt\u00ed na Kance. Na n\u00e1vsi se seznamujeme, a posl\u00e9ze po v\u00fdprav\u011b si pov\u00edd\u00e1me o p\u0159\u00edpadn\u00e9 dal\u0161\u00ed spolupr\u00e1ci.<\/p>\n<p> P\u0159\u00e1tel\u00e9, je mi ct\u00ed V\u00e1m p\u0159edstavit dva nov\u00e9 \u010dleny teamu \u010cern\u00ed kon\u011b. Za handbike team Zden\u011bk Kirch, se kter\u00fdm se budete setk\u00e1vat na z\u00e1vodech \u010cP handbike v roce 2010, a za MTB team Pavel Tvrd\u00edk, kter\u00fd si ji\u017e zkus\u00ed Jistebnick\u00fd kancion\u00e1l v r\u00e1mci seri\u00e1lu horsk\u00fdch kol, Kolo pro \u017eivot. Ob\u011bma budeme dr\u017eet palce, a maxim\u00e1ln\u011b je podporovat p\u0159i sportovn\u00edch aktivit\u00e1ch.<\/p>\n<p> Na samotn\u00fd z\u00e1v\u011br chci je\u0161t\u011b pod\u011bkovat v\u0161em, kte\u0159\u00ed n\u00e1m pomohli s V\u00fdpravou na kance:<br \/> &#8211; Specialized<br \/> &#8211; Marin a Bikebros<br \/> &#8211; Sbor dobrovoln\u00fdch hasi\u010d\u016f Nov\u00e9 Jirny<br \/> &#8211; Hostinec U l\u00edpy, Nov\u00e9 Jirny<br \/> &#8211; Handbike\u0159i: M\u00edra Pitra a Honza Tom\u00e1nek<br \/> &#8211; Ocelov\u00fd letec Jirka Pin\u010f\u00e1k<br \/> A v neposledn\u00ed \u0159ad\u011b Pavel Nov\u00fd, patron \u010cern\u00fdch kon\u00ed<\/p>\n<p> PS: D\u011bkuji v\u0161em za hojnou \u00fa\u010dast\u2026<br \/> Smek\u00e1m p\u0159ed ka\u017ed\u00fdm, pro koho byla 50km dlouh\u00e1 tra\u0165 v\u00fdzvou\u2026 Neum\u00edm si p\u0159edstavit, \u017ee bych to jel pouze za pomoci rukou\u2026<\/p>\n<p> <img decoding=\"async\" src=\"\/wordpress\/image\/k_clankum\/kanec\/P1040443.JPG\"><\/p>\n<p> <img decoding=\"async\" src=\"\/wordpress\/image\/k_clankum\/kanec\/P1040493.JPG\"><\/p>\n<p> <img decoding=\"async\" src=\"\/wordpress\/image\/k_clankum\/kanec\/P1040524.JPG\"><\/p>\n<p> <img decoding=\"async\" src=\"\/wordpress\/image\/k_clankum\/kanec\/P1080820.JPG\"><\/p>\n<p> <img decoding=\"async\" src=\"\/wordpress\/image\/k_clankum\/kanec\/P1080827.JPG\"><\/p>\n","protected":false},"excerpt":{"rendered":"<a href=\"https:\/\/www.caths.cz\/wordpress\/druha-vyprava-na-kance\/\"><img loading=\"lazy\" decoding=\"async\" width=\"100\" height=\"100\" src=\"https:\/\/www.caths.cz\/wordpress\/wp-content\/plugins\/thumbnail-for-excerpts\/tfe_no_thumb.png\" class=\"alignleft wp-post-image tfe\" alt=\"\" title=\"\" \/><\/a><p>Dal\u0161\u00ed z cyklistick\u00fdch report\u00e1\u017e\u00ed Tom\u00e1\u0161e Poucha Kdesi v les\u00edch Skupinka lovc\u016f se nehlu\u010dn\u011b pohybuje hust\u00fdm lesem. Slab\u00fd v\u00edtr jim jde v \u00fastrety a bl\u00ed\u017e\u00edc\u00ed se \u0161ero pomalu oslepuje. Obrovsk\u00fd divo\u010d\u00e1k [&hellip;]<\/p>\n","protected":false},"author":1,"featured_media":0,"comment_status":"closed","ping_status":"closed","sticky":false,"template":"","format":"standard","meta":{"ngg_post_thumbnail":0,"footnotes":""},"categories":[2],"tags":[],"class_list":["post-1079","post","type-post","status-publish","format-standard","hentry","category-cyklistika"],"_links":{"self":[{"href":"https:\/\/www.caths.cz\/wordpress\/wp-json\/wp\/v2\/posts\/1079","targetHints":{"allow":["GET"]}}],"collection":[{"href":"https:\/\/www.caths.cz\/wordpress\/wp-json\/wp\/v2\/posts"}],"about":[{"href":"https:\/\/www.caths.cz\/wordpress\/wp-json\/wp\/v2\/types\/post"}],"author":[{"embeddable":true,"href":"https:\/\/www.caths.cz\/wordpress\/wp-json\/wp\/v2\/users\/1"}],"replies":[{"embeddable":true,"href":"https:\/\/www.caths.cz\/wordpress\/wp-json\/wp\/v2\/comments?post=1079"}],"version-history":[{"count":0,"href":"https:\/\/www.caths.cz\/wordpress\/wp-json\/wp\/v2\/posts\/1079\/revisions"}],"wp:attachment":[{"href":"https:\/\/www.caths.cz\/wordpress\/wp-json\/wp\/v2\/media?parent=1079"}],"wp:term":[{"taxonomy":"category","embeddable":true,"href":"https:\/\/www.caths.cz\/wordpress\/wp-json\/wp\/v2\/categories?post=1079"},{"taxonomy":"post_tag","embeddable":true,"href":"https:\/\/www.caths.cz\/wordpress\/wp-json\/wp\/v2\/tags?post=1079"}],"curies":[{"name":"wp","href":"https:\/\/api.w.org\/{rel}","templated":true}]}}