{"id":1078,"date":"2009-06-19T10:24:24","date_gmt":"2009-06-19T09:24:24","guid":{"rendered":"http:\/\/www.caths.cz\/wordpress\/?p=1078"},"modified":"2009-06-19T10:24:24","modified_gmt":"2009-06-19T09:24:24","slug":"handbiker-pavel-foltyn-si-rekl-o-nominaci-na-ms","status":"publish","type":"post","link":"https:\/\/www.caths.cz\/wordpress\/handbiker-pavel-foltyn-si-rekl-o-nominaci-na-ms\/","title":{"rendered":"Handbiker Pavel Folt\u00fdn si \u0159ekl o nominaci na MS"},"content":{"rendered":"<p align=\"justify\">\nHandbiker Pavel Folt\u00fdn (HCA) poslal svou nav\u0161t\u00edvenku nejenom reprezenta\u010dn\u00edmu tren\u00e9rovi, ale p\u0159edev\u0161\u00edm sv\u00fdm koleg\u016fm, kdy\u017e v z\u00e1vodech EHC v Oensingenu obsadil nejd\u0159\u00edve 5. m\u00edsto v \u010dasovce a den pot\u00e9 7. m\u00edsto v silni\u010dn\u00edm z\u00e1vod\u011b.\n<\/p>\n<p align=\"justify\"> Je to zat\u00edm nejlep\u0161\u00ed um\u00edst\u011bn\u00ed na\u0161eho handbikera v t\u00e9to sez\u00f3n\u011b v z\u00e1vod\u011b takto vysok\u00e9 \u00farovn\u011b. <br \/> Pavl\u016fv v\u00fdkon je t\u00edm nad\u011bjn\u011bj\u0161\u00ed, kdy\u017e uv\u00e1\u017e\u00edme, \u017ee se intenzivn\u00edmu tr\u00e9ninku v\u011bnuje teprve p\u00e1r m\u011bs\u00edc\u016f. <\/p>\n","protected":false},"excerpt":{"rendered":"<a href=\"https:\/\/www.caths.cz\/wordpress\/handbiker-pavel-foltyn-si-rekl-o-nominaci-na-ms\/\"><img loading=\"lazy\" decoding=\"async\" width=\"100\" height=\"100\" src=\"https:\/\/www.caths.cz\/wordpress\/wp-content\/plugins\/thumbnail-for-excerpts\/tfe_no_thumb.png\" class=\"alignleft wp-post-image tfe\" alt=\"\" title=\"\" \/><\/a><p>Handbiker Pavel Folt\u00fdn (HCA) poslal svou nav\u0161t\u00edvenku nejenom reprezenta\u010dn\u00edmu tren\u00e9rovi, ale p\u0159edev\u0161\u00edm sv\u00fdm koleg\u016fm, kdy\u017e v z\u00e1vodech EHC v Oensingenu obsadil nejd\u0159\u00edve 5. m\u00edsto v \u010dasovce a den pot\u00e9 7. [&hellip;]<\/p>\n","protected":false},"author":1,"featured_media":0,"comment_status":"closed","ping_status":"closed","sticky":false,"template":"","format":"standard","meta":{"ngg_post_thumbnail":0,"footnotes":""},"categories":[9],"tags":[],"class_list":["post-1078","post","type-post","status-publish","format-standard","hentry","category-handbike"],"_links":{"self":[{"href":"https:\/\/www.caths.cz\/wordpress\/wp-json\/wp\/v2\/posts\/1078","targetHints":{"allow":["GET"]}}],"collection":[{"href":"https:\/\/www.caths.cz\/wordpress\/wp-json\/wp\/v2\/posts"}],"about":[{"href":"https:\/\/www.caths.cz\/wordpress\/wp-json\/wp\/v2\/types\/post"}],"author":[{"embeddable":true,"href":"https:\/\/www.caths.cz\/wordpress\/wp-json\/wp\/v2\/users\/1"}],"replies":[{"embeddable":true,"href":"https:\/\/www.caths.cz\/wordpress\/wp-json\/wp\/v2\/comments?post=1078"}],"version-history":[{"count":0,"href":"https:\/\/www.caths.cz\/wordpress\/wp-json\/wp\/v2\/posts\/1078\/revisions"}],"wp:attachment":[{"href":"https:\/\/www.caths.cz\/wordpress\/wp-json\/wp\/v2\/media?parent=1078"}],"wp:term":[{"taxonomy":"category","embeddable":true,"href":"https:\/\/www.caths.cz\/wordpress\/wp-json\/wp\/v2\/categories?post=1078"},{"taxonomy":"post_tag","embeddable":true,"href":"https:\/\/www.caths.cz\/wordpress\/wp-json\/wp\/v2\/tags?post=1078"}],"curies":[{"name":"wp","href":"https:\/\/api.w.org\/{rel}","templated":true}]}}