{"id":1077,"date":"2009-06-18T10:08:05","date_gmt":"2009-06-18T09:08:05","guid":{"rendered":"http:\/\/www.caths.cz\/wordpress\/?p=1077"},"modified":"2009-06-18T10:08:05","modified_gmt":"2009-06-18T09:08:05","slug":"poslechnete-si-radiodiskusi-o-sportu-handicapovanych","status":"publish","type":"post","link":"https:\/\/www.caths.cz\/wordpress\/poslechnete-si-radiodiskusi-o-sportu-handicapovanych\/","title":{"rendered":"Poslechn\u011bte si radiodiskusi o sportu handicapovan\u00fdch"},"content":{"rendered":"<p>Diskutuj\u00ed: Robert Bakal\u00e1\u0159, Pavel Nov\u00fd a Tom\u00e1\u0161 Pouch<br \/>\nZ\u00e1znam si m\u016f\u017eete poslechnout<br \/>\n<strong><a href=\"\nhttp:\/\/www.rozhlas.cz\/default\/default\/rnp-player.html?id=00930209&#038;br=48&#038;s \">zde<\/a><\/strong> <\/p>\n","protected":false},"excerpt":{"rendered":"<a href=\"https:\/\/www.caths.cz\/wordpress\/poslechnete-si-radiodiskusi-o-sportu-handicapovanych\/\"><img loading=\"lazy\" decoding=\"async\" width=\"100\" height=\"100\" src=\"https:\/\/www.caths.cz\/wordpress\/wp-content\/plugins\/thumbnail-for-excerpts\/tfe_no_thumb.png\" class=\"alignleft wp-post-image tfe\" alt=\"\" title=\"\" \/><\/a><p>Diskutuj\u00ed: Robert Bakal\u00e1\u0159, Pavel Nov\u00fd a Tom\u00e1\u0161 Pouch Z\u00e1znam si m\u016f\u017eete poslechnout zde<\/p>\n","protected":false},"author":1,"featured_media":0,"comment_status":"closed","ping_status":"closed","sticky":false,"template":"","format":"standard","meta":{"ngg_post_thumbnail":0,"footnotes":""},"categories":[6],"tags":[],"class_list":["post-1077","post","type-post","status-publish","format-standard","hentry","category-caths-info"],"_links":{"self":[{"href":"https:\/\/www.caths.cz\/wordpress\/wp-json\/wp\/v2\/posts\/1077","targetHints":{"allow":["GET"]}}],"collection":[{"href":"https:\/\/www.caths.cz\/wordpress\/wp-json\/wp\/v2\/posts"}],"about":[{"href":"https:\/\/www.caths.cz\/wordpress\/wp-json\/wp\/v2\/types\/post"}],"author":[{"embeddable":true,"href":"https:\/\/www.caths.cz\/wordpress\/wp-json\/wp\/v2\/users\/1"}],"replies":[{"embeddable":true,"href":"https:\/\/www.caths.cz\/wordpress\/wp-json\/wp\/v2\/comments?post=1077"}],"version-history":[{"count":0,"href":"https:\/\/www.caths.cz\/wordpress\/wp-json\/wp\/v2\/posts\/1077\/revisions"}],"wp:attachment":[{"href":"https:\/\/www.caths.cz\/wordpress\/wp-json\/wp\/v2\/media?parent=1077"}],"wp:term":[{"taxonomy":"category","embeddable":true,"href":"https:\/\/www.caths.cz\/wordpress\/wp-json\/wp\/v2\/categories?post=1077"},{"taxonomy":"post_tag","embeddable":true,"href":"https:\/\/www.caths.cz\/wordpress\/wp-json\/wp\/v2\/tags?post=1077"}],"curies":[{"name":"wp","href":"https:\/\/api.w.org\/{rel}","templated":true}]}}