{"id":1075,"date":"2009-06-17T10:04:37","date_gmt":"2009-06-17T09:04:37","guid":{"rendered":"http:\/\/www.caths.cz\/wordpress\/?p=1075"},"modified":"2009-06-17T10:04:37","modified_gmt":"2009-06-17T09:04:37","slug":"treninkova-poradna-otazka-15-vse-co-chcete-vedet-o-cyklistice","status":"publish","type":"post","link":"https:\/\/www.caths.cz\/wordpress\/treninkova-poradna-otazka-15-vse-co-chcete-vedet-o-cyklistice\/","title":{"rendered":"Tr\u00e9ninkov\u00e1 poradna, ot\u00e1zka 15. &#8211; v\u0161e, co chcete v\u011bd\u011bt o cyklistice"},"content":{"rendered":"<p align=\"justify\">\n &#8222;Poje\u010f s n\u00e1mi&#8220; &#8211; dvan\u00e1ctid\u00edln\u00fd seri\u00e1l nato\u010den\u00fd ve spolupr\u00e1ci s cyklistick\u00fdm t\u00fdmem Rubena Specialized Cycling Team, d\u00e1v\u00e1 n\u00e1vod jak jezdit na kole. Sledujte: <\/p>\n<p><strong><a href=\"http:\/\/www.kulhavy-birell.cz\/\"><font color=\"#CC0000\">www.kulhavy-birell.cz<\/font><\/a><\/strong> <\/p>\n<p align=\"justify\"> V\u00fdznamn\u00fdm partnerem profesion\u00e1ln\u00edho cyklistick\u00e9ho t\u00fdmu Rubena Specialized Cycling Teamu, jeho\u017e barvy h\u00e1j\u00ed nap\u0159\u00edklad i \u00fasp\u011b\u0161n\u00fd paralympionik Tom\u00e1\u0161 Kvasni\u010dka, Radim Pavl\u00edk \u010di tandem Ji\u0159\u00ed Chyba s nevidom\u00fdm Markem Moflarem, je p\u0159edn\u00ed v\u00fdrobce nealkoholick\u00e9ho piva &#8211; spole\u010dnost Radegast Birell.<\/p>\n<p> A pr\u00e1v\u011b z iniciativy t\u00e9to spole\u010dnosti nato\u010dil filmov\u00fd \u0161t\u00e1b dvan\u00e1ctid\u00edln\u00fd seri\u00e1l o cyklistice, kter\u00fdm prov\u00e1z\u00ed mlad\u00fd sv\u011b\u0159enec tren\u00e9ra Viktora Zapletala, n\u00e1\u0161 historicky nej\u00fasp\u011b\u0161n\u011bj\u0161\u00ed jezdec na horsk\u00e9m kole &#8211; mistr sv\u011bta a Evropy a aktu\u00e1ln\u011b 6. mu\u017e sv\u011btov\u00e9ho \u017eeb\u0159\u00ed\u010dku UCI, Jaroslav Kulhav\u00fd a jeho realiza\u010dn\u00ed t\u00fdm. N\u00e1\u0161 nejlep\u0161\u00ed biker seznamuje div\u00e1ky s \u00faskal\u00edmi n\u00e1kupu kola vhodn\u00e9ho pro j\u00edzdu v ter\u00e9nu, porad\u00ed s v\u00fdb\u011brem dopl\u0148k\u016f a vysv\u011btl\u00ed, jak spr\u00e1vn\u011b o kolo pe\u010dovat. Nevynech\u00e1 uk\u00e1zku z\u00e1klad\u016f j\u00edzdy v ter\u00e9nu a postupn\u011b se propracuje i k p\u0159edstaven\u00ed j\u00edzdy na kole na profesion\u00e1ln\u00ed \u00farovni. V seri\u00e1lu se d\u00e1le sezn\u00e1m\u00edte se z\u00e1klady cyklistick\u00e9ho tr\u00e9ninku, kter\u00fdmi v\u00e1s provede Viktor Zapletal, v\u010detn\u011b spr\u00e1vn\u00e9 v\u00fd\u017eivy cyklist\u016f a regenerace.<\/p>\n<p> Mana\u017eer spole\u010dnosti Radegast Birell, ing. Van\u011bk: <em>&#8220; Na\u0161e spole\u010dnost nechce m\u00edt v t\u00fdmu pouze zastoupen\u00ed v podob\u011b n\u00e1pisu na dresu, sami se chceme aktivn\u011b zapojit do \u010dinnosti t\u00fdmu a v\u00fdsledkem je tento seri\u00e1l&#8220;.<\/em><br \/> A tren\u00e9r Viktor Zapletal dod\u00e1v\u00e1 <em>&#8222;Kolo se v \u010cesk\u00e9 republice stalo fenom\u00e9nem, modern\u00edm prost\u0159edkem ke tr\u00e1ven\u00ed voln\u00e9ho \u010dasu. Z\u00e1vody pro \u0161irokou ve\u0159ejnost &#8211; nap\u0159. Kolo pro \u017eivot, Povltavsk\u00e1 DA -BA liga, \u010di z\u00e1vody amat\u00e9rsk\u00fdch lig, se staly masov\u011b nav\u0161t\u011bvovan\u00fdmi akcemi, na kter\u00fdch m\u016f\u017ee z\u00e1vodit doslova ka\u017ed\u00fd &#8211; mlad\u00ed \u010di sta\u0159\u00ed, sou\u010dasn\u00ed \u010di b\u00fdval\u00ed profesion\u00e1lov\u00e9, \u00fapln\u00ed za\u010d\u00e1te\u010dn\u00edci, handicapovan\u00ed cyklist\u00e9 &#8211; amput\u00e1\u0159i, voz\u00ed\u010dk\u00e1\u0159i, d\u011bti, rodi\u010de&#8230; Po prvn\u00edch z\u00e1vodech je v\u011bt\u0161ina lid\u00ed &#8222;polapena&#8220; a cyklistika se jim st\u00e1v\u00e1 drogou v dobr\u00e9m slova smyslu. Sportovec za\u0159ad\u00ed kolo do sv\u00e9ho ka\u017edodenn\u00edho programu, chce se zlep\u0161ovat, lad\u00ed a vylep\u0161uje sv\u016fj bicykl, hled\u00e1 si tren\u00e9ra, p\u0159ipravuje se na z\u00e1vody a za\u010d\u00edn\u00e1 p\u0159em\u00fd\u0161let dokonce i o takov\u00fdch v\u011bcech, jak\u00fdmi je racion\u00e1ln\u00ed sportovn\u00ed v\u00fd\u017eiva. Zn\u00e1m bezpo\u010det t\u011bchto p\u0159\u00edpad\u016f. Z\u00edskat odpov\u011bdi na ot\u00e1zky souvisej\u00edc\u00ed s cyklistikou, ale nen\u00ed nijak snadn\u00e9 &#8211; cyklistika se stala tvrd\u00fdm obchodem, za ka\u017edou tr\u00e9ninkovou radu se dnes plat\u00ed a\u017e nesmysln\u00e9 \u010d\u00e1stky o \u010dem\u017e sv\u011bd\u010d\u00ed mno\u017estv\u00ed firem specializuj\u00edc\u00edch se na cyklistick\u00fd tr\u00e9nink amat\u00e9rsk\u00fdch cyklist\u016f. N\u00e1\u0161 seri\u00e1l je zdarma a umo\u017e\u0148uje z\u00edskat informace, kter\u00e9 hodn\u011b pom\u016f\u017eou za\u010d\u00ednaj\u00edc\u00edm cyklist\u016fm. N\u00e1pad spole\u010dnosti Radegast Birell maxim\u00e1ln\u011b podporuji a d\u011bkuji za jeho realizaci&#8220;.<\/em><\/p>\n<p> <strong> &#8222;Poje\u010f s n\u00e1mi!&#8220; &#8211; za\u010dni jezdit na kole, sleduj <a href=\"http:\/\/www.kulhavy-birell.cz\/\"><font color=\"#CC0000\">www.kulhavy-birell.cz<\/font><\/a> , tr\u00e9nuj a absolvuj n\u011bkter\u00fd ze z\u00e1vod\u016f seri\u00e1lu &#8222;Poje\u010f s n\u00e1mi!&#8220; <\/strong> <\/p>\n<p> My jen dod\u00e1v\u00e1me, \u017ee pokud byste cht\u011bli informace uveden\u00e9 v seri\u00e1lu v\u00edce p\u0159izp\u016fsobit va\u0161emu zdravotn\u00edmu handicapu, pros\u00edm, po\u0161lete dotaz na caths@caths.cz a tren\u00e9r Viktor Zapletal na va\u0161i ot\u00e1zku odpov\u00ed. <\/p>\n","protected":false},"excerpt":{"rendered":"<a href=\"https:\/\/www.caths.cz\/wordpress\/treninkova-poradna-otazka-15-vse-co-chcete-vedet-o-cyklistice\/\"><img loading=\"lazy\" decoding=\"async\" width=\"100\" height=\"100\" src=\"https:\/\/www.caths.cz\/wordpress\/wp-content\/plugins\/thumbnail-for-excerpts\/tfe_no_thumb.png\" class=\"alignleft wp-post-image tfe\" alt=\"\" title=\"\" \/><\/a><p>&#8222;Poje\u010f s n\u00e1mi&#8220; &#8211; dvan\u00e1ctid\u00edln\u00fd seri\u00e1l nato\u010den\u00fd ve spolupr\u00e1ci s cyklistick\u00fdm t\u00fdmem Rubena Specialized Cycling Team, d\u00e1v\u00e1 n\u00e1vod jak jezdit na kole. Sledujte: www.kulhavy-birell.cz V\u00fdznamn\u00fdm partnerem profesion\u00e1ln\u00edho cyklistick\u00e9ho t\u00fdmu Rubena [&hellip;]<\/p>\n","protected":false},"author":1,"featured_media":0,"comment_status":"closed","ping_status":"closed","sticky":false,"template":"","format":"standard","meta":{"ngg_post_thumbnail":0,"footnotes":""},"categories":[26],"tags":[],"class_list":["post-1075","post","type-post","status-publish","format-standard","hentry","category-treninkova-poradna"],"_links":{"self":[{"href":"https:\/\/www.caths.cz\/wordpress\/wp-json\/wp\/v2\/posts\/1075","targetHints":{"allow":["GET"]}}],"collection":[{"href":"https:\/\/www.caths.cz\/wordpress\/wp-json\/wp\/v2\/posts"}],"about":[{"href":"https:\/\/www.caths.cz\/wordpress\/wp-json\/wp\/v2\/types\/post"}],"author":[{"embeddable":true,"href":"https:\/\/www.caths.cz\/wordpress\/wp-json\/wp\/v2\/users\/1"}],"replies":[{"embeddable":true,"href":"https:\/\/www.caths.cz\/wordpress\/wp-json\/wp\/v2\/comments?post=1075"}],"version-history":[{"count":0,"href":"https:\/\/www.caths.cz\/wordpress\/wp-json\/wp\/v2\/posts\/1075\/revisions"}],"wp:attachment":[{"href":"https:\/\/www.caths.cz\/wordpress\/wp-json\/wp\/v2\/media?parent=1075"}],"wp:term":[{"taxonomy":"category","embeddable":true,"href":"https:\/\/www.caths.cz\/wordpress\/wp-json\/wp\/v2\/categories?post=1075"},{"taxonomy":"post_tag","embeddable":true,"href":"https:\/\/www.caths.cz\/wordpress\/wp-json\/wp\/v2\/tags?post=1075"}],"curies":[{"name":"wp","href":"https:\/\/api.w.org\/{rel}","templated":true}]}}