{"id":1062,"date":"2009-06-08T11:58:52","date_gmt":"2009-06-08T10:58:52","guid":{"rendered":"http:\/\/www.caths.cz\/wordpress\/?p=1062"},"modified":"2009-06-08T11:58:52","modified_gmt":"2009-06-08T10:58:52","slug":"jirka-jezek-po-svetovem-poharu-vyhral-i-pohar-evropsky","status":"publish","type":"post","link":"https:\/\/www.caths.cz\/wordpress\/jirka-jezek-po-svetovem-poharu-vyhral-i-pohar-evropsky\/","title":{"rendered":"Jirka Je\u017eek po Sv\u011btov\u00e9m poh\u00e1ru vyhr\u00e1l i poh\u00e1r Evropsk\u00fd!"},"content":{"rendered":"<p align=\"justify\">\nDo velmi dobr\u00e9 formy se po s\u00e9rii zran\u011bn\u00ed a nemoc\u00ed znovu dost\u00e1v\u00e1 Ji\u0159\u00ed Je\u017eek. Ve \u0160v\u00fdcarsku, p\u0159i v\u00edkendov\u00fdch z\u00e1vodech Evropsk\u00e9ho poh\u00e1ru nenechal nikoho na pochyb\u00e1ch, kdo je panovn\u00edkem kategorie LC 2 a v t\u00e9to, siln\u011b obsazen\u00e9 kategorii, zv\u00edt\u011bzil v sobotn\u00edm silni\u010dn\u00edm z\u00e1vod\u011b i v ned\u011bln\u00ed \u010dasovce.<\/p>\n<p align=\"justify\"><em> &#8222;Jirku te\u010f budou \u010dekat dva m\u011bs\u00ed\u010dn\u00ed, tr\u00e9ninkov\u00e9 bloky. Prvn\u00ed zakon\u010d\u00edme na Slovensku a v It\u00e1lii z\u00e1vody EP a ten druh\u00fd na silni\u010dn\u00edm mistrovstv\u00ed sv\u011bta v z\u00e1\u0159\u00ed v It\u00e1lii. Silni\u010dn\u00ed z\u00e1vod bude velkou loteri\u00ed, ale pro medaili a v \u010dasovce p\u0159edev\u0161\u00edm, ud\u011bl\u00e1me maximum&#8220; <\/em>p\u0159ibli\u017euje dal\u0161\u00ed program na\u0161eho nejlep\u0161\u00edho cyklisty tren\u00e9r Viktor Zapletal. <\/p>\n<p> Tom\u00e1\u0161 Kvasni\u010dka vybojoval v silni\u010dn\u00edm z\u00e1vod\u011b 4. m\u00edsto a v \u010dasovce obsadil, ve sv\u00e9 kategorii CP3, \u0161est\u00e9 m\u00edsto.<\/p>\n<p> V kategorii LC1 obsadil Radim Pavl\u00edk 8. m\u00edsto v silni\u010dn\u00edm z\u00e1vod\u011b i v \u010dasovce. <\/p>\n<p> Foto: Viktor Zapletal <br \/> <img decoding=\"async\" src=\"\/wordpress\/image\/k_clankum\/cyklistika 2009 093.jpg\"><\/p>\n<p> <img decoding=\"async\" src=\"\/wordpress\/image\/k_clankum\/cyklistika 2009 094.jpg\"><\/p>\n<p> <img decoding=\"async\" src=\"\/wordpress\/image\/k_clankum\/cyklistika 2009 097.jpg\"><\/p>\n","protected":false},"excerpt":{"rendered":"<a href=\"https:\/\/www.caths.cz\/wordpress\/jirka-jezek-po-svetovem-poharu-vyhral-i-pohar-evropsky\/\"><img loading=\"lazy\" decoding=\"async\" width=\"100\" height=\"100\" src=\"https:\/\/www.caths.cz\/wordpress\/wp-content\/plugins\/thumbnail-for-excerpts\/tfe_no_thumb.png\" class=\"alignleft wp-post-image tfe\" alt=\"\" title=\"\" \/><\/a><p>Do velmi dobr\u00e9 formy se po s\u00e9rii zran\u011bn\u00ed a nemoc\u00ed znovu dost\u00e1v\u00e1 Ji\u0159\u00ed Je\u017eek. Ve \u0160v\u00fdcarsku, p\u0159i v\u00edkendov\u00fdch z\u00e1vodech Evropsk\u00e9ho poh\u00e1ru nenechal nikoho na pochyb\u00e1ch, kdo je panovn\u00edkem kategorie LC [&hellip;]<\/p>\n","protected":false},"author":1,"featured_media":0,"comment_status":"closed","ping_status":"closed","sticky":false,"template":"","format":"standard","meta":{"ngg_post_thumbnail":0,"footnotes":""},"categories":[2],"tags":[],"class_list":["post-1062","post","type-post","status-publish","format-standard","hentry","category-cyklistika"],"_links":{"self":[{"href":"https:\/\/www.caths.cz\/wordpress\/wp-json\/wp\/v2\/posts\/1062","targetHints":{"allow":["GET"]}}],"collection":[{"href":"https:\/\/www.caths.cz\/wordpress\/wp-json\/wp\/v2\/posts"}],"about":[{"href":"https:\/\/www.caths.cz\/wordpress\/wp-json\/wp\/v2\/types\/post"}],"author":[{"embeddable":true,"href":"https:\/\/www.caths.cz\/wordpress\/wp-json\/wp\/v2\/users\/1"}],"replies":[{"embeddable":true,"href":"https:\/\/www.caths.cz\/wordpress\/wp-json\/wp\/v2\/comments?post=1062"}],"version-history":[{"count":0,"href":"https:\/\/www.caths.cz\/wordpress\/wp-json\/wp\/v2\/posts\/1062\/revisions"}],"wp:attachment":[{"href":"https:\/\/www.caths.cz\/wordpress\/wp-json\/wp\/v2\/media?parent=1062"}],"wp:term":[{"taxonomy":"category","embeddable":true,"href":"https:\/\/www.caths.cz\/wordpress\/wp-json\/wp\/v2\/categories?post=1062"},{"taxonomy":"post_tag","embeddable":true,"href":"https:\/\/www.caths.cz\/wordpress\/wp-json\/wp\/v2\/tags?post=1062"}],"curies":[{"name":"wp","href":"https:\/\/api.w.org\/{rel}","templated":true}]}}