{"id":1061,"date":"2009-06-05T17:39:05","date_gmt":"2009-06-05T16:39:05","guid":{"rendered":"http:\/\/www.caths.cz\/wordpress\/?p=1061"},"modified":"2009-06-05T17:39:05","modified_gmt":"2009-06-05T16:39:05","slug":"mistrovstvi-republiky-tandemu-se-pojede-v-povltavi","status":"publish","type":"post","link":"https:\/\/www.caths.cz\/wordpress\/mistrovstvi-republiky-tandemu-se-pojede-v-povltavi\/","title":{"rendered":"Mistrovstv\u00ed republiky tandem\u016f se pojede v Povltav\u00ed"},"content":{"rendered":"<p align=\"justify\"> Mezi startuj\u00edc\u00edmi v z\u00e1vodech \u010cesk\u00e9ho poh\u00e1ru se objevuje tak\u00e9 mu\u017e, kter\u00fd m\u00e1 s rychlou j\u00edzdou na tandemu velmi bohat\u00e9 zku\u0161enosti, nebo\u0165 Pavel Bur\u00e1\u0148 je dr\u017eitelem n\u011bkolika medail\u00ed z mistrovstv\u00ed sv\u011bta na dr\u00e1ze. Div\u00e1ci mohou vid\u011bt tak\u00e9 herce Pavla Nov\u00e9ho, kter\u00fd used\u00e1 na tandem spolu s p\u0159edn\u00edm sv\u011btov\u00fdm cyklokrosa\u0159em z\u00e1v\u011bru minul\u00e9ho stolet\u00ed Miloslavem Kvasni\u010dkou. V pelotonu nechyb\u00ed ani \u017eeny, z nich\u017e nejl\u00e9pe si v Duratec &#8211; \u010cesk\u00e9m poh\u00e1ru tandem\u016f zrakov\u011b posti\u017een\u00fdch vedou Jana Jirou\u0161kov\u00e1 a Miroslava Sedl\u00e1\u010dkov\u00e1.<br \/> Na po\u010d\u00e1tek posledn\u00ed dek\u00e1dy m\u011bs\u00edce \u010dervna byl v kalend\u00e1\u0159i cyklistick\u00fdch z\u00e1vod\u016f napl\u00e1nov\u00e1n n\u00e1rodn\u00ed \u0161ampion\u00e1t tandem\u016f, jeho\u017e d\u011bji\u0161t\u011bm se m\u011bly st\u00e1t Jizersk\u00e9 hory. Bohu\u017eel, ze z\u00e1va\u017en\u00fdch technick\u00fdch d\u016fvod\u016f, mezi nimi\u017e na prvn\u00edm m\u00edst\u011b st\u00e1lo nedokon\u010den\u00ed opravy vozovky, bylo nutn\u00e9 M-\u010cR v Jablonci nad Nisou zru\u0161it. Po\u0159adatel\u00e9 \u010cesk\u00e9ho poh\u00e1ru tandem\u016f, jimi\u017e jsou \u010cesk\u00fd svaz zrakov\u011b posti\u017een\u00fdch sportovc\u016f a Sportovn\u00ed klub handicapovan\u00fdch cyklist\u016f Praha v\u0161ak ve spolupr\u00e1ci s Povltavsk\u00fdm sportovn\u00edm klubem DA-BA zajistili, aby tandemist\u00e9 o sv\u016fj leto\u0161n\u00ed \u0161ampion\u00e1t nep\u0159i\u0161li.<br \/> M\u00edstem startu z\u00e1vodu se v ned\u011bli 21. \u010dervna 2009 stane obec Drevn\u00edky ve st\u0159edn\u00edm Povltav\u00ed, z n\u00ed\u017e se \u00fa\u010dastn\u00edci mistrovstv\u00ed \u010cesk\u00e9 republiky tandem\u016f vydaj\u00ed na tra\u0165 spole\u010dn\u011b s cyklisty, kte\u0159\u00ed budou absolvovat p\u00e1t\u00fd podnik silni\u010d\u00e1\u0159sk\u00fdch seri\u00e1l\u016f DA-BA &#8211; Povltavsk\u00e9 Extraligy &#8211; PBR 2009, Velkou cenu MO-TIP Praha, a. s. Z\u00e1vodit se bude na okruhu, kter\u00fd vede od \u010derpac\u00ed stanice v Drevn\u00edk\u00e1ch p\u0159es \u017debr\u00e1k, Ne\u010d\u00edn, Dalek\u00e9 Du\u0161n\u00edky, Svat\u00e9 Pole, Bud\u00ednek, Rybn\u00edky, Drhovy, Borotice a Hubenov zp\u011bt k m\u00edstu startu a jeho\u017e d\u00e9lka je 25,2 km. C\u00edl z\u00e1vodu se bude nach\u00e1zet na vrcholku 3.000 metr\u016f dlouh\u00e9ho stoup\u00e1n\u00ed z Drevn\u00edk nad \u017debr\u00e1k, tak\u017ee prvn\u00ed okruh bude m\u011b\u0159it 28,5 km. \u00da\u010dastn\u00edci M-\u010cR handicapovan\u00fdch cyklist\u016f na tandemech pojedou z\u00e1vod dlouh\u00fd t\u0159i okruhy, co\u017e je 78,6 km. Tra\u0165 vede po asfaltov\u00fdch silnic\u00edch p\u0159ev\u00e1\u017en\u011b velmi dobr\u00e9 kvality a m\u00e1 v\u00fdrazn\u011b \u010dlenit\u00fd profil. P\u0159ihl\u00e1\u0161ky se budou p\u0159ij\u00edmat v dob\u011b od 10:00 do 10:30 hodin v kancel\u00e1\u0159i z\u00e1vodu, kter\u00e1 se nach\u00e1z\u00ed pobl\u00ed\u017e m\u00edsta nedaleko \u010derpac\u00ed stanice v Drevn\u00edk\u00e1ch. Do z\u00e1vodu odstartuj\u00ed \u00fa\u010dastn\u00edci M-\u010cR spole\u010dn\u011b s cyklisty v\u0161ech dal\u0161\u00edch v\u011bkov\u00fdch, v\u00fdkonnostn\u00edch \u010di speci\u00e1ln\u00edch kategori\u00ed a diviz\u00ed nedlouho po 11. hodin\u011b, ihned po skon\u010den\u00ed r\u00e1mcov\u00fdch z\u00e1vod\u016f p\u0159ed\u0161koln\u00edch d\u011bt\u00ed a \u0161koln\u00ed ml\u00e1de\u017ee. <\/p>\n<p> V\u00edce informac\u00ed najdete na webov\u00fdch str\u00e1nk\u00e1ch Povltavsk\u00e9ho sportovn\u00edho klubu DA-BA (www.da-ba.com) v sekci Na\u0161e z\u00e1vody, kapitoly Silni\u010d\u00e1\u0159sk\u00e1 liga nebo Silni\u010d\u00e1\u0159sk\u00fd poh\u00e1r. <\/p>\n<p> <img decoding=\"async\" src=\"\/wordpress\/image\/k_clankum\/090510_RR_Kamyk_Tandem.jpg\"><\/p>\n","protected":false},"excerpt":{"rendered":"<a href=\"https:\/\/www.caths.cz\/wordpress\/mistrovstvi-republiky-tandemu-se-pojede-v-povltavi\/\"><img loading=\"lazy\" decoding=\"async\" width=\"100\" height=\"100\" src=\"https:\/\/www.caths.cz\/wordpress\/wp-content\/plugins\/thumbnail-for-excerpts\/tfe_no_thumb.png\" class=\"alignleft wp-post-image tfe\" alt=\"\" title=\"\" \/><\/a><p>Mezi startuj\u00edc\u00edmi v z\u00e1vodech \u010cesk\u00e9ho poh\u00e1ru se objevuje tak\u00e9 mu\u017e, kter\u00fd m\u00e1 s rychlou j\u00edzdou na tandemu velmi bohat\u00e9 zku\u0161enosti, nebo\u0165 Pavel Bur\u00e1\u0148 je dr\u017eitelem n\u011bkolika medail\u00ed z mistrovstv\u00ed sv\u011bta [&hellip;]<\/p>\n","protected":false},"author":1,"featured_media":0,"comment_status":"closed","ping_status":"closed","sticky":false,"template":"","format":"standard","meta":{"ngg_post_thumbnail":0,"footnotes":""},"categories":[2],"tags":[],"class_list":["post-1061","post","type-post","status-publish","format-standard","hentry","category-cyklistika"],"_links":{"self":[{"href":"https:\/\/www.caths.cz\/wordpress\/wp-json\/wp\/v2\/posts\/1061","targetHints":{"allow":["GET"]}}],"collection":[{"href":"https:\/\/www.caths.cz\/wordpress\/wp-json\/wp\/v2\/posts"}],"about":[{"href":"https:\/\/www.caths.cz\/wordpress\/wp-json\/wp\/v2\/types\/post"}],"author":[{"embeddable":true,"href":"https:\/\/www.caths.cz\/wordpress\/wp-json\/wp\/v2\/users\/1"}],"replies":[{"embeddable":true,"href":"https:\/\/www.caths.cz\/wordpress\/wp-json\/wp\/v2\/comments?post=1061"}],"version-history":[{"count":0,"href":"https:\/\/www.caths.cz\/wordpress\/wp-json\/wp\/v2\/posts\/1061\/revisions"}],"wp:attachment":[{"href":"https:\/\/www.caths.cz\/wordpress\/wp-json\/wp\/v2\/media?parent=1061"}],"wp:term":[{"taxonomy":"category","embeddable":true,"href":"https:\/\/www.caths.cz\/wordpress\/wp-json\/wp\/v2\/categories?post=1061"},{"taxonomy":"post_tag","embeddable":true,"href":"https:\/\/www.caths.cz\/wordpress\/wp-json\/wp\/v2\/tags?post=1061"}],"curies":[{"name":"wp","href":"https:\/\/api.w.org\/{rel}","templated":true}]}}