{"id":1060,"date":"2009-06-05T17:32:24","date_gmt":"2009-06-05T16:32:24","guid":{"rendered":"http:\/\/www.caths.cz\/wordpress\/?p=1060"},"modified":"2009-06-05T17:32:24","modified_gmt":"2009-06-05T16:32:24","slug":"druhe-kolo-serialu-cp-ve-strelbe-22-24kvetna-2009-brno-kyvalka","status":"publish","type":"post","link":"https:\/\/www.caths.cz\/wordpress\/druhe-kolo-serialu-cp-ve-strelbe-22-24kvetna-2009-brno-kyvalka\/","title":{"rendered":"Druh\u00e9 kolo seri\u00e1lu \u010cP ve st\u0159elb\u011b, 22.-24.kv\u011btna 2009, Brno \u2013 K\u00fdvalka"},"content":{"rendered":"<p align=\"justify\">\nV z\u00e1v\u011bru kv\u011btna se v Brn\u011b uskute\u010dnilo 2. kolo \u010cesk\u00e9ho poh\u00e1ru ve sportovn\u00ed st\u0159elb\u011b. Seri\u00e1l po\u0159\u00e1d\u00e1 \u010cesk\u00fd st\u0159eleck\u00fd svaz, kde vedle kategori\u00ed neposti\u017een\u00fdch tradi\u010dn\u011b st\u0159\u00edl\u00ed tak\u00e9 kategorie t\u011blesn\u011b handicapovan\u00fdch SH1.<\/p>\n<p align=\"justify\"> Z\u00e1vody t\u00e9to kategorie skon\u010dily s n\u00e1sleduj\u00edc\u00edmi v\u00fdsledky:<\/p>\n<p> <strong>Vzduchov\u00e1 pistole, 60 ran na 10 m<\/strong> &#8211; 1.m\u00edsto V. Mar\u010dan 533 bod\u016f, 2.m\u00edsto M. Krystyn\u00edk 523 bod\u016f, 3.m\u00edsto J. Jankejech 514 bod\u016f<\/p>\n<p> <strong>Sportovn\u00ed pistole, 30+30 ran na 25 m<\/strong> &#8211; 1.m\u00edsto V. Mar\u010dan 546 bod\u016f, 2.m\u00edsto M. Krystyn\u00edk 530 bod\u016f, 3.m\u00edsto V. Bure\u0161 511 bod\u016f<\/p>\n<p> <strong>Libovoln\u00e1 pistole, 60 ran na 50 m<\/strong> &#8211; 1.m\u00edsto M. Krystyn\u00edk 479 bod\u016f, 2.m\u00edsto J. Jane\u010dek 439 bod\u016f, 3.m\u00edsto J. Jankejech 430 bod\u016f T\u0159et\u00ed kolo \u010cP se uskute\u010dn\u00ed 12.-14. \u010dervna 2009 v Plzni. <\/p>\n<p> David \u0160najdr <\/p>\n<p> <img decoding=\"async\" src=\"\/wordpress\/image\/k_clankum\/CP Brno.jpg\"><\/p>\n<p> <img decoding=\"async\" src=\"\/wordpress\/image\/k_clankum\/CP Brno 1.jpg\"><\/p>\n<p> <img decoding=\"async\" src=\"\/wordpress\/image\/k_clankum\/CP Brno 09.jpg\"><\/p>\n","protected":false},"excerpt":{"rendered":"<a href=\"https:\/\/www.caths.cz\/wordpress\/druhe-kolo-serialu-cp-ve-strelbe-22-24kvetna-2009-brno-kyvalka\/\"><img loading=\"lazy\" decoding=\"async\" width=\"100\" height=\"100\" src=\"https:\/\/www.caths.cz\/wordpress\/wp-content\/plugins\/thumbnail-for-excerpts\/tfe_no_thumb.png\" class=\"alignleft wp-post-image tfe\" alt=\"\" title=\"\" \/><\/a><p>V z\u00e1v\u011bru kv\u011btna se v Brn\u011b uskute\u010dnilo 2. kolo \u010cesk\u00e9ho poh\u00e1ru ve sportovn\u00ed st\u0159elb\u011b. Seri\u00e1l po\u0159\u00e1d\u00e1 \u010cesk\u00fd st\u0159eleck\u00fd svaz, kde vedle kategori\u00ed neposti\u017een\u00fdch tradi\u010dn\u011b st\u0159\u00edl\u00ed tak\u00e9 kategorie t\u011blesn\u011b handicapovan\u00fdch SH1. [&hellip;]<\/p>\n","protected":false},"author":1,"featured_media":0,"comment_status":"closed","ping_status":"closed","sticky":false,"template":"","format":"standard","meta":{"ngg_post_thumbnail":0,"footnotes":""},"categories":[18],"tags":[],"class_list":["post-1060","post","type-post","status-publish","format-standard","hentry","category-strelba"],"_links":{"self":[{"href":"https:\/\/www.caths.cz\/wordpress\/wp-json\/wp\/v2\/posts\/1060","targetHints":{"allow":["GET"]}}],"collection":[{"href":"https:\/\/www.caths.cz\/wordpress\/wp-json\/wp\/v2\/posts"}],"about":[{"href":"https:\/\/www.caths.cz\/wordpress\/wp-json\/wp\/v2\/types\/post"}],"author":[{"embeddable":true,"href":"https:\/\/www.caths.cz\/wordpress\/wp-json\/wp\/v2\/users\/1"}],"replies":[{"embeddable":true,"href":"https:\/\/www.caths.cz\/wordpress\/wp-json\/wp\/v2\/comments?post=1060"}],"version-history":[{"count":0,"href":"https:\/\/www.caths.cz\/wordpress\/wp-json\/wp\/v2\/posts\/1060\/revisions"}],"wp:attachment":[{"href":"https:\/\/www.caths.cz\/wordpress\/wp-json\/wp\/v2\/media?parent=1060"}],"wp:term":[{"taxonomy":"category","embeddable":true,"href":"https:\/\/www.caths.cz\/wordpress\/wp-json\/wp\/v2\/categories?post=1060"},{"taxonomy":"post_tag","embeddable":true,"href":"https:\/\/www.caths.cz\/wordpress\/wp-json\/wp\/v2\/tags?post=1060"}],"curies":[{"name":"wp","href":"https:\/\/api.w.org\/{rel}","templated":true}]}}