{"id":1055,"date":"2009-06-01T23:57:51","date_gmt":"2009-06-01T22:57:51","guid":{"rendered":"http:\/\/www.caths.cz\/wordpress\/?p=1055"},"modified":"2009-06-01T23:57:51","modified_gmt":"2009-06-01T22:57:51","slug":"prazske-schody-ve-stredu-sjedou-nejlepsi-svetovi-bikeri-ale-i-jiri-jezek-a-tandem-chyba-moflar","status":"publish","type":"post","link":"https:\/\/www.caths.cz\/wordpress\/prazske-schody-ve-stredu-sjedou-nejlepsi-svetovi-bikeri-ale-i-jiri-jezek-a-tandem-chyba-moflar\/","title":{"rendered":"Pra\u017esk\u00e9 schody ve st\u0159edu sjedou nejlep\u0161\u00ed sv\u011btov\u00ed bike\u0159i, ale i Ji\u0159\u00ed Je\u017eek a tandem Chyba &#8211; Moflar"},"content":{"rendered":"<p align=\"justify\"> Nebudete litovat, v n\u00e1dhern\u00e9 kulise stov\u011b\u017eat\u00e9 Prahy se na Hrad\u010dansk\u00e9m n\u00e1m\u011bst\u00ed uskute\u010dn\u00ed z\u00e1vody, kter\u00e9 sv\u00fdm zaji\u0161t\u011bn\u00edm, \u00farovn\u00ed, organizac\u00ed, ale i \u00fa\u017easnou atmosf\u00e9rou, umocn\u011bnou nespo\u010dtem bou\u0159liv\u011b fand\u00edc\u00edch div\u00e1k\u016f, pat\u0159\u00ed k absolutn\u00ed sv\u011btov\u00e9 extrat\u0159\u00edd\u011b. <\/p>\n<p> Z\u00e1vody za\u010d\u00ednaj\u00ed v 16:00 hodin a postupn\u011b uvid\u00edte nejlep\u0161\u00ed amat\u00e9rsk\u00e9 cyklisty, d\u00e1le kategorii V.I.P. kde bude startovat v p\u0159\u00e1telsk\u00e9m kl\u00e1n\u00ed cel\u00e1 \u0159ada osobnost\u00ed v\u010detn\u011b \u0159ady cyklistick\u00fdch mistr\u016f sv\u011bta a chyb\u011bt nebude ani n\u011bkolikan\u00e1sobn\u00fd mistr sv\u011bta a paralympijsk\u00fd v\u00edt\u011bz Ji\u0159\u00ed Je\u017eek, kter\u00fd horsk\u00e9 kolo ovl\u00e1d\u00e1 nem\u00e9n\u011b dob\u0159e jako sv\u016fj silni\u010dn\u00ed, dr\u00e1hov\u00fd \u010di \u010dasovk\u00e1\u0159sk\u00fd speci\u00e1l. V\u017edy\u0165 Jirka je neofici\u00e1ln\u00edm mistrem sv\u011bta na horsk\u00fdch kolech ve sv\u00e9 kategorii LC 2.<\/p>\n<p> Po t\u011bchto z\u00e1vodech se po schodech dol\u016f a zp\u011bt Nerudovou ulic\u00ed nahoru vyd\u00e1 i tandem ve slo\u017een\u00ed Ji\u0159\u00ed Chyba s nevidom\u00fdm Markem Moflarem (Rubena Specialized cycling team) v r\u00e1mci propagace cyklistiky nevidom\u00fdch. P\u0159ipom\u00edn\u00e1me jen, \u017ee tento tandem bez ztr\u00e1ty jedin\u00e9ho bodu v\u00e9vod\u00ed pr\u016fb\u011b\u017en\u00e9mu po\u0159ad\u00ed \u010cesk\u00e9ho poh\u00e1ru tandem\u016f nevidom\u00fdch cyklist\u016f a dle slov odborn\u00edk\u016f se jedn\u00e1 o obrovsk\u00fd talent \u010desk\u00e9 cyklistiky handicapovan\u00fdch.<\/p>\n<p> Po t\u00e9to dvojici se na hodinov\u00fd z\u00e1vod vydaj\u00ed nejlep\u0161\u00ed profesion\u00e1ln\u00ed jezdci na horsk\u00fdch kolech a ve startovn\u00edm poli uvid\u00edme nejenom p\u0159edn\u00ed sv\u011btov\u00e9 bikery, ale i kompletn\u00ed \u010deskou \u0161pi\u010dku vedenou na\u0161\u00edm nejlep\u0161\u00edm jezdcem, mistrem sv\u011bta a Evropy, Jaroslavem Kulhav\u00fdm (Rubena Specialized cycling team) kter\u00fd je odd\u00edlov\u00fdm kolegou Ji\u0159\u00edho Chyby, Marka Moflara, ale i Tom\u00e1\u0161e Kvasni\u010dky a Radima Pavl\u00edka. <\/p>\n<p> P\u0159ij\u010fte fandit, p\u0159ij\u010fte se bavit! <\/p>\n<p> <img decoding=\"async\" src=\"\/wordpress\/image\/k_clankum\/schody\/6.jpg\"><\/p>\n<p> <img decoding=\"async\" src=\"\/wordpress\/image\/k_clankum\/cyklistika%202009%20031.jpg\"><\/p>\n<p> <img decoding=\"async\" src=\"\/wordpress\/image\/k_clankum\/!cid_C8B48CD8-C1CF-408B-B620-33A8FBFD0CF5@local.jpg\"><\/p>\n<p>J.Kulhav\u00fd (Foto: M \u010cerven\u00fd)<\/p>\n","protected":false},"excerpt":{"rendered":"<a href=\"https:\/\/www.caths.cz\/wordpress\/prazske-schody-ve-stredu-sjedou-nejlepsi-svetovi-bikeri-ale-i-jiri-jezek-a-tandem-chyba-moflar\/\"><img loading=\"lazy\" decoding=\"async\" width=\"100\" height=\"100\" src=\"https:\/\/www.caths.cz\/wordpress\/wp-content\/plugins\/thumbnail-for-excerpts\/tfe_no_thumb.png\" class=\"alignleft wp-post-image tfe\" alt=\"\" title=\"\" \/><\/a><p>Nebudete litovat, v n\u00e1dhern\u00e9 kulise stov\u011b\u017eat\u00e9 Prahy se na Hrad\u010dansk\u00e9m n\u00e1m\u011bst\u00ed uskute\u010dn\u00ed z\u00e1vody, kter\u00e9 sv\u00fdm zaji\u0161t\u011bn\u00edm, \u00farovn\u00ed, organizac\u00ed, ale i \u00fa\u017easnou atmosf\u00e9rou, umocn\u011bnou nespo\u010dtem bou\u0159liv\u011b fand\u00edc\u00edch div\u00e1k\u016f, pat\u0159\u00ed k absolutn\u00ed [&hellip;]<\/p>\n","protected":false},"author":1,"featured_media":0,"comment_status":"closed","ping_status":"closed","sticky":false,"template":"","format":"standard","meta":{"ngg_post_thumbnail":0,"footnotes":""},"categories":[2],"tags":[],"class_list":["post-1055","post","type-post","status-publish","format-standard","hentry","category-cyklistika"],"_links":{"self":[{"href":"https:\/\/www.caths.cz\/wordpress\/wp-json\/wp\/v2\/posts\/1055","targetHints":{"allow":["GET"]}}],"collection":[{"href":"https:\/\/www.caths.cz\/wordpress\/wp-json\/wp\/v2\/posts"}],"about":[{"href":"https:\/\/www.caths.cz\/wordpress\/wp-json\/wp\/v2\/types\/post"}],"author":[{"embeddable":true,"href":"https:\/\/www.caths.cz\/wordpress\/wp-json\/wp\/v2\/users\/1"}],"replies":[{"embeddable":true,"href":"https:\/\/www.caths.cz\/wordpress\/wp-json\/wp\/v2\/comments?post=1055"}],"version-history":[{"count":0,"href":"https:\/\/www.caths.cz\/wordpress\/wp-json\/wp\/v2\/posts\/1055\/revisions"}],"wp:attachment":[{"href":"https:\/\/www.caths.cz\/wordpress\/wp-json\/wp\/v2\/media?parent=1055"}],"wp:term":[{"taxonomy":"category","embeddable":true,"href":"https:\/\/www.caths.cz\/wordpress\/wp-json\/wp\/v2\/categories?post=1055"},{"taxonomy":"post_tag","embeddable":true,"href":"https:\/\/www.caths.cz\/wordpress\/wp-json\/wp\/v2\/tags?post=1055"}],"curies":[{"name":"wp","href":"https:\/\/api.w.org\/{rel}","templated":true}]}}