{"id":1047,"date":"2009-05-26T09:26:31","date_gmt":"2009-05-26T08:26:31","guid":{"rendered":"http:\/\/www.caths.cz\/wordpress\/?p=1047"},"modified":"2009-05-26T09:26:31","modified_gmt":"2009-05-26T08:26:31","slug":"nominacni-kriteria-reprezentacniho-trenera-cyklistiky-handbike-a-tandemu-pro-start-na-ms-2009","status":"publish","type":"post","link":"https:\/\/www.caths.cz\/wordpress\/nominacni-kriteria-reprezentacniho-trenera-cyklistiky-handbike-a-tandemu-pro-start-na-ms-2009\/","title":{"rendered":"Nomina\u010dn\u00ed krit\u00e9ria reprezenta\u010dn\u00edho tren\u00e9ra cyklistiky, handbike a tandem\u016f pro start na MS 2009"},"content":{"rendered":"<p align=\"justify\"><strong>1) Cyklistika <\/p>\n<p> 1. Spln\u011bn\u00ed v\u0161ech bod\u016f plynouc\u00edch ze Statutu reprezentanta a \u010dlena \u010cATHS<\/p>\n<p> 2. V\u00fdsledky v sez\u00f3n\u011b 2009<\/p>\n<p> <\/strong> U\u017e\u0161\u00ed reprezenta\u010dn\u00ed v\u00fdb\u011br pro z\u00e1vody EP 2009, MS v It\u00e1lii a MS na dr\u00e1ze v Manchesteru: <\/p>\n<p> LC1 &#8211; Radim Pavl\u00edk<\/p>\n<p> LC2 &#8211; Ji\u0159\u00ed Je\u017eek<\/p>\n<p> CP3 &#8211; Tom\u00e1\u0161 Kvasni\u010dka <\/p>\n<p> <strong>2) Handbike<\/p>\n<p> 1. Spln\u011bn\u00ed v\u0161ech bod\u016f plynouc\u00edch ze Statutu reprezentanta a \u010dlena \u010cATHS<\/p>\n<p> 2. V\u00fdsledky v sez\u00f3n\u011b 2009 &#8211; \u010cP, EP, EHC<\/p>\n<p> 3. V\u00fdsledky na EP v Lounech (\u010dasovka \/ silnice) <\/strong><\/p>\n<p> Up\u0159esn\u011bn\u00ed: <\/p>\n<p> 1. \u0160ir\u0161\u00ed nominace reprezenta\u010dn\u00edho t\u00fdmu bude uzav\u0159ena 7.7. 2009<\/p>\n<p> 2. Na z\u00e1klad\u011b t\u00e9to nominace budou m\u00edt pr\u00e1vo startovat v reprezenta\u010dn\u00edm dresu \u010cR na z\u00e1vodech EP v Lounech:<\/p>\n<p> V kategorii HCC: 2 z\u00e1vodn\u00edci.<\/p>\n<p> V kategorii HCB: 3 z\u00e1vodn\u00edci.<\/p>\n<p> V kategorii HCA: 1 z\u00e1vodn\u00edk. <\/p>\n<p> 3. Do 13.7. 2009, bude ur\u010den u\u017e\u0161\u00ed reprezenta\u010dn\u00ed v\u00fdb\u011br pro start na MS v It\u00e1lii 2009<\/p>\n<p> 4. Nomina\u010dn\u00ed kv\u00f3ta pro MS v It\u00e1lii 2009: 3 z\u00e1vodn\u00edci a 2 samopl\u00e1tci<\/p>\n<p> 5. U\u017e\u0161\u00ed reprezenta\u010dn\u00ed v\u00fdb\u011br bude startovat na z\u00e1vodech EP na Slovensku ve dnech 18.7. &#8211; 19.7. 2009<\/p>\n<p> 6. Samopl\u00e1tci handbike na MS 2009, podm\u00ednka pro samopl\u00e1tcovstv\u00ed: <\/p>\n<p> a) nominace reprezenta\u010dn\u00edm tren\u00e9rem do u\u017e\u0161\u00edho reprezenta\u010dn\u00edho t\u00fdmu<\/p>\n<p> b) slo\u017een\u00ed finan\u010dn\u00ed z\u00e1lohy po\u017eadovan\u00e9m term\u00ednu (\u010d\u00e1stka a term\u00edn budou up\u0159esn\u011bny) <\/p>\n<p>c) v p\u0159\u00edpad\u011b, \u017ee se z\u00e1vodn\u00edk um\u00edst\u00ed v z\u00e1vod\u011b MS do 8. m\u00edsta v prvn\u00ed polovin\u011b startovn\u00edho pole, budou mu zaplacen\u00e9 finance vr\u00e1ceny v pln\u00e9 v\u00fd\u0161i zp\u011bt<\/p>\n<p> 7.Bude br\u00e1n d\u016fraz na za\u0159azen\u00ed kategori\u00ed HCC a HCA do reprezentace<\/p>\n<p> <strong>3) Tandem &#8211; nominace pro MS 2009 v It\u00e1lii<\/p>\n<p> 1. Spln\u011bn\u00ed v\u0161ech krit\u00e9ri\u00ed pro za\u0159azen\u00ed do reprezentace \u010cSZPS<\/p>\n<p> 2. Um\u00edst\u011bn\u00ed v z\u00e1vodech \u010cP<\/p>\n<p> 3. Um\u00edst\u011bn\u00ed na M\u010cR <\/p>\n<p> 4. Um\u00edst\u011bn\u00ed v z\u00e1vod\u011b EP v Lounech (\u010dasovka \/ silnice) &#8211; \u0161ir\u0161\u00ed nominace<\/p>\n<p> 5. Um\u00edst\u011bn\u00ed v z\u00e1vod\u011b EP na Slovensku (\u010dasovka \/ silnice) &#8211; u\u017e\u0161\u00ed nominace<\/p>\n<p><\/strong> Up\u0159esn\u011bn\u00ed: <\/p>\n<p> 1. Nominace pro \u00fa\u010dast na z\u00e1vodech EP na Slovensku bude uzav\u0159ena do 13.7. 2009, p\u0159edpokl\u00e1dan\u00e1 nominace: 2 tandemy mu\u017e\u016f, 1 tandem \u017een <\/p>\n<p> 2. Kone\u010dn\u00e1 nominace pro MS 2009 v It\u00e1lii bude stanovena po EP na Slovensku, do 20.7. 2009, p\u0159edpokladan\u00e1 nominace je 1 tandem mu\u017e\u016f, 1 tandem \u017een<\/p>\n<p> Mgr. Viktor Zapletal &#8211; reprezenta\u010dn\u00ed tren\u00e9r \u010cR, t\u011blesn\u011b a zrakov\u011b posti\u017een\u00fdch cyklist\u016f<\/p>\n","protected":false},"excerpt":{"rendered":"<a href=\"https:\/\/www.caths.cz\/wordpress\/nominacni-kriteria-reprezentacniho-trenera-cyklistiky-handbike-a-tandemu-pro-start-na-ms-2009\/\"><img loading=\"lazy\" decoding=\"async\" width=\"100\" height=\"100\" src=\"https:\/\/www.caths.cz\/wordpress\/wp-content\/plugins\/thumbnail-for-excerpts\/tfe_no_thumb.png\" class=\"alignleft wp-post-image tfe\" alt=\"\" title=\"\" \/><\/a><p>1) Cyklistika 1. Spln\u011bn\u00ed v\u0161ech bod\u016f plynouc\u00edch ze Statutu reprezentanta a \u010dlena \u010cATHS 2. V\u00fdsledky v sez\u00f3n\u011b 2009 U\u017e\u0161\u00ed reprezenta\u010dn\u00ed v\u00fdb\u011br pro z\u00e1vody EP 2009, MS v It\u00e1lii a MS [&hellip;]<\/p>\n","protected":false},"author":1,"featured_media":0,"comment_status":"closed","ping_status":"closed","sticky":false,"template":"","format":"standard","meta":{"ngg_post_thumbnail":0,"footnotes":""},"categories":[2],"tags":[],"class_list":["post-1047","post","type-post","status-publish","format-standard","hentry","category-cyklistika"],"_links":{"self":[{"href":"https:\/\/www.caths.cz\/wordpress\/wp-json\/wp\/v2\/posts\/1047","targetHints":{"allow":["GET"]}}],"collection":[{"href":"https:\/\/www.caths.cz\/wordpress\/wp-json\/wp\/v2\/posts"}],"about":[{"href":"https:\/\/www.caths.cz\/wordpress\/wp-json\/wp\/v2\/types\/post"}],"author":[{"embeddable":true,"href":"https:\/\/www.caths.cz\/wordpress\/wp-json\/wp\/v2\/users\/1"}],"replies":[{"embeddable":true,"href":"https:\/\/www.caths.cz\/wordpress\/wp-json\/wp\/v2\/comments?post=1047"}],"version-history":[{"count":0,"href":"https:\/\/www.caths.cz\/wordpress\/wp-json\/wp\/v2\/posts\/1047\/revisions"}],"wp:attachment":[{"href":"https:\/\/www.caths.cz\/wordpress\/wp-json\/wp\/v2\/media?parent=1047"}],"wp:term":[{"taxonomy":"category","embeddable":true,"href":"https:\/\/www.caths.cz\/wordpress\/wp-json\/wp\/v2\/categories?post=1047"},{"taxonomy":"post_tag","embeddable":true,"href":"https:\/\/www.caths.cz\/wordpress\/wp-json\/wp\/v2\/tags?post=1047"}],"curies":[{"name":"wp","href":"https:\/\/api.w.org\/{rel}","templated":true}]}}