{"id":1037,"date":"2009-05-21T20:20:14","date_gmt":"2009-05-21T19:20:14","guid":{"rendered":"http:\/\/www.caths.cz\/wordpress\/?p=1037"},"modified":"2009-05-21T20:20:14","modified_gmt":"2009-05-21T19:20:14","slug":"jiri-jezek-opet-zlaty-jiri-bouska-vyjel-bronz-kvasnicka-a-pavlik-prekonali-ceske-rekordy","status":"publish","type":"post","link":"https:\/\/www.caths.cz\/wordpress\/jiri-jezek-opet-zlaty-jiri-bouska-vyjel-bronz-kvasnicka-a-pavlik-prekonali-ceske-rekordy\/","title":{"rendered":"Ji\u0159\u00ed Je\u017eek op\u011bt zlat\u00fd!!! Ji\u0159\u00ed Bou\u0161ka vyjel bronz!! Kvasni\u010dka a Pavl\u00edk p\u0159ekonali \u010desk\u00e9 rekordy!"},"content":{"rendered":"<p align=\"justify\">\nTren\u00e9r Viktor Zapletal op\u011bt bleskov\u011b informuje:<br \/>\nJi\u0159\u00ed Je\u017eek pot\u0159et\u00ed v \u0159ad\u011b vyhr\u00e1l st\u00edhac\u00ed z\u00e1vod na 4km na SP v Manchesteru, kdy\u017e ve fin\u00e1lov\u00e9 jizd\u011b porazil Soelita Goehra z Braz\u00edlie.<br \/>\nJi\u0159\u00ed Bou\u0161ka ve st\u00edha\u010dce na 3km ve sm\u00ed\u0161en\u00e9 kategorii LC3\/LC4\/CP3\/CP4 vybojoval bronzovou medaili \u010dasem 3:48:354<\/p>\n<p align=\"justify\"> Tom\u00e1\u0161 Kvasni\u010dka obsadil 4. m\u00edsto ve st\u00edhac\u00edm z\u00e1vod\u011b na 1km sm\u00ed\u0161en\u00fdch kategori\u00ed LC3\/LC4\/CP3 a to v nov\u00e9m \u010desk\u00e9m rekordu 1:17:094<br \/> Radim Pavl\u00edk obsadil ve st\u00edhac\u00edm z\u00e1vod\u011b na 1km sm\u00ed\u0161en\u00fdch kategori\u00ed LC1\/LC2\/CP4 6. m\u00edsto. Jeho \u010das 1:10:727 je nov\u00e1m rekordem \u010cR a \u0159ad\u00ed ho do absolutn\u00ed sv\u011btov\u00e9 \u0161pi\u010dky v jeho kategorii LC1<br \/> Gratulujeme!!!<\/p>\n<p> Ofici\u00e1ln\u00ed v\u00fdsledky druh\u00e9ho dne Sv\u011btov\u00e9ho poh\u00e1ru v dr\u00e1hov\u00e9 cyklistice v Manchesteru najdete <strong><a href=\"http:\/\/www.btparalympicworldcup.com\/2009\/results\/cycling\/index.php\"><font color=\"#0066CC\">zde.<\/font><\/a><\/strong><\/p>\n","protected":false},"excerpt":{"rendered":"<a href=\"https:\/\/www.caths.cz\/wordpress\/jiri-jezek-opet-zlaty-jiri-bouska-vyjel-bronz-kvasnicka-a-pavlik-prekonali-ceske-rekordy\/\"><img loading=\"lazy\" decoding=\"async\" width=\"100\" height=\"100\" src=\"https:\/\/www.caths.cz\/wordpress\/wp-content\/plugins\/thumbnail-for-excerpts\/tfe_no_thumb.png\" class=\"alignleft wp-post-image tfe\" alt=\"\" title=\"\" \/><\/a><p>Tren\u00e9r Viktor Zapletal op\u011bt bleskov\u011b informuje: Ji\u0159\u00ed Je\u017eek pot\u0159et\u00ed v \u0159ad\u011b vyhr\u00e1l st\u00edhac\u00ed z\u00e1vod na 4km na SP v Manchesteru, kdy\u017e ve fin\u00e1lov\u00e9 jizd\u011b porazil Soelita Goehra z Braz\u00edlie. Ji\u0159\u00ed [&hellip;]<\/p>\n","protected":false},"author":1,"featured_media":0,"comment_status":"closed","ping_status":"closed","sticky":false,"template":"","format":"standard","meta":{"ngg_post_thumbnail":0,"footnotes":""},"categories":[2],"tags":[],"class_list":["post-1037","post","type-post","status-publish","format-standard","hentry","category-cyklistika"],"_links":{"self":[{"href":"https:\/\/www.caths.cz\/wordpress\/wp-json\/wp\/v2\/posts\/1037","targetHints":{"allow":["GET"]}}],"collection":[{"href":"https:\/\/www.caths.cz\/wordpress\/wp-json\/wp\/v2\/posts"}],"about":[{"href":"https:\/\/www.caths.cz\/wordpress\/wp-json\/wp\/v2\/types\/post"}],"author":[{"embeddable":true,"href":"https:\/\/www.caths.cz\/wordpress\/wp-json\/wp\/v2\/users\/1"}],"replies":[{"embeddable":true,"href":"https:\/\/www.caths.cz\/wordpress\/wp-json\/wp\/v2\/comments?post=1037"}],"version-history":[{"count":0,"href":"https:\/\/www.caths.cz\/wordpress\/wp-json\/wp\/v2\/posts\/1037\/revisions"}],"wp:attachment":[{"href":"https:\/\/www.caths.cz\/wordpress\/wp-json\/wp\/v2\/media?parent=1037"}],"wp:term":[{"taxonomy":"category","embeddable":true,"href":"https:\/\/www.caths.cz\/wordpress\/wp-json\/wp\/v2\/categories?post=1037"},{"taxonomy":"post_tag","embeddable":true,"href":"https:\/\/www.caths.cz\/wordpress\/wp-json\/wp\/v2\/tags?post=1037"}],"curies":[{"name":"wp","href":"https:\/\/api.w.org\/{rel}","templated":true}]}}