{"id":1034,"date":"2009-05-20T16:17:44","date_gmt":"2009-05-20T15:17:44","guid":{"rendered":"http:\/\/www.caths.cz\/wordpress\/?p=1034"},"modified":"2009-05-20T16:17:44","modified_gmt":"2009-05-20T15:17:44","slug":"zpravy-od-trenera-zapletala-ze-sp-v-manchesteru","status":"publish","type":"post","link":"https:\/\/www.caths.cz\/wordpress\/zpravy-od-trenera-zapletala-ze-sp-v-manchesteru\/","title":{"rendered":"Zpr\u00e1vy od tren\u00e9ra Zapletala ze SP v Manchesteru"},"content":{"rendered":"<p align=\"justify\">Viktor Zapletal hl\u00e1s\u00ed:<\/p>\n<p> Ji\u0159\u00ed Je\u017eek dnes vyhr\u00e1l kvalifikaci st\u00edhac\u00edho z\u00e1vodu na 4km a z\u00edtra pojede o zlato v kategorii LC1\/LC2!!!!<br \/>\nJi\u0159\u00ed Bou\u0161ka z\u00edtra pojede o bronz v kategorii LC3\/LC4\/CP3\/CP4!!<\/p>\n<p align=\"justify\"> Tom\u00e1\u0161 Kvasni\u010dka vytvo\u0159il nov\u00fd rekord \u010cR ve st\u00edhac\u00edm z\u00e1vod\u011b na 3km v kategorii CP3, \u010dasem 4:11:185!!!!<\/p>\n<p> \u00dasp\u011b\u0161n\u00fd byl i Radim Pavl\u00edk, kter\u00fd p\u0159ekonal rekord \u010cR v z\u00e1vod\u011b na 4km v kategorii LC1, \u010dasem 5:03:863!!!!<\/p>\n<p> Ofici\u00e1ln\u00ed v\u00fdsledky prvn\u00edho dne Sv\u011btov\u00e9ho poh\u00e1ru v dr\u00e1hov\u00e9 cyklistice v Manchesteru najdete <strong><a href=\"http:\/\/www.btparalympicworldcup.com\/2009\/results\/cycling\/index.php\"><font color=\"#0066CC\">zde.<\/font><\/a><\/strong><\/p>\n","protected":false},"excerpt":{"rendered":"<a href=\"https:\/\/www.caths.cz\/wordpress\/zpravy-od-trenera-zapletala-ze-sp-v-manchesteru\/\"><img loading=\"lazy\" decoding=\"async\" width=\"100\" height=\"100\" src=\"https:\/\/www.caths.cz\/wordpress\/wp-content\/plugins\/thumbnail-for-excerpts\/tfe_no_thumb.png\" class=\"alignleft wp-post-image tfe\" alt=\"\" title=\"\" \/><\/a><p>Viktor Zapletal hl\u00e1s\u00ed: Ji\u0159\u00ed Je\u017eek dnes vyhr\u00e1l kvalifikaci st\u00edhac\u00edho z\u00e1vodu na 4km a z\u00edtra pojede o zlato v kategorii LC1\/LC2!!!! Ji\u0159\u00ed Bou\u0161ka z\u00edtra pojede o bronz v kategorii LC3\/LC4\/CP3\/CP4!! Tom\u00e1\u0161 [&hellip;]<\/p>\n","protected":false},"author":1,"featured_media":0,"comment_status":"closed","ping_status":"closed","sticky":false,"template":"","format":"standard","meta":{"ngg_post_thumbnail":0,"footnotes":""},"categories":[2],"tags":[],"class_list":["post-1034","post","type-post","status-publish","format-standard","hentry","category-cyklistika"],"_links":{"self":[{"href":"https:\/\/www.caths.cz\/wordpress\/wp-json\/wp\/v2\/posts\/1034","targetHints":{"allow":["GET"]}}],"collection":[{"href":"https:\/\/www.caths.cz\/wordpress\/wp-json\/wp\/v2\/posts"}],"about":[{"href":"https:\/\/www.caths.cz\/wordpress\/wp-json\/wp\/v2\/types\/post"}],"author":[{"embeddable":true,"href":"https:\/\/www.caths.cz\/wordpress\/wp-json\/wp\/v2\/users\/1"}],"replies":[{"embeddable":true,"href":"https:\/\/www.caths.cz\/wordpress\/wp-json\/wp\/v2\/comments?post=1034"}],"version-history":[{"count":0,"href":"https:\/\/www.caths.cz\/wordpress\/wp-json\/wp\/v2\/posts\/1034\/revisions"}],"wp:attachment":[{"href":"https:\/\/www.caths.cz\/wordpress\/wp-json\/wp\/v2\/media?parent=1034"}],"wp:term":[{"taxonomy":"category","embeddable":true,"href":"https:\/\/www.caths.cz\/wordpress\/wp-json\/wp\/v2\/categories?post=1034"},{"taxonomy":"post_tag","embeddable":true,"href":"https:\/\/www.caths.cz\/wordpress\/wp-json\/wp\/v2\/tags?post=1034"}],"curies":[{"name":"wp","href":"https:\/\/api.w.org\/{rel}","templated":true}]}}