{"id":1033,"date":"2009-05-19T10:35:01","date_gmt":"2009-05-19T09:35:01","guid":{"rendered":"http:\/\/www.caths.cz\/wordpress\/?p=1033"},"modified":"2009-05-19T10:35:01","modified_gmt":"2009-05-19T09:35:01","slug":"svetoveho-poharu-v-manchesteru-se-zucastni-rekordnich-174-medailistu-z-paralympiady-v-pekingu","status":"publish","type":"post","link":"https:\/\/www.caths.cz\/wordpress\/svetoveho-poharu-v-manchesteru-se-zucastni-rekordnich-174-medailistu-z-paralympiady-v-pekingu\/","title":{"rendered":"Sv\u011btov\u00e9ho poh\u00e1ru v Manchesteru se z\u00fa\u010dastn\u00ed rekordn\u00edch 174 medailist\u016f z paralympi\u00e1dy v Pekingu"},"content":{"rendered":"<p align=\"justify\">\nOpravdu hv\u011bzdn\u00e1 sportovn\u00ed sestava se v t\u011bchto dnech sejde v Manchesteru k z\u00e1vod\u016fm Sv\u011btov\u00e9ho poh\u00e1ru. Po\u0159adatel\u00e9 akreditovali neuv\u011b\u0159iteln\u00fdch 174 medailist\u016f z paralympi\u00e1dy v Pekingu, kte\u0159\u00ed budou sout\u011b\u017eit v atletice, plav\u00e1n\u00ed, cyklistice a basketbalu voz\u00ed\u010dk\u00e1\u0159\u016f.<\/p>\n<p align=\"justify\"><strong> \u010ceskou republiku a asociaci budou reprezentovat tito sportovci: <\/p>\n<p> atletika: Jan Van\u011bk, Milan Bl\u00e1ha<br \/> plav\u00e1n\u00ed: Jan pov\u00fd\u0161il, Filip Coufal<br \/> cyklistika: Ji\u0159\u00ed Je\u017eek, Tom\u00e1\u0161 Kvasni\u010dka a Radim Pavl\u00edk<\/strong><\/p>\n<p> Velk\u00e1 pozornornost bude vzta\u017eena zejm\u00e9na ke startu mistra sv\u011bta a paralympijsk\u00e9ho v\u00edt\u011bze Ji\u0159\u00edho Je\u017eka, kter\u00fd nastoup\u00ed ke kvalifika\u010dn\u00ed j\u00edzd\u011b ve sv\u00e9 zlat\u00e9 discipl\u00edn\u011b &#8211; st\u00edhac\u00edm z\u00e1vod\u011b na 4 km, u\u017e z\u00edtra odpoledne. Bohu\u017eel p\u0159\u00edprava Jirky na tento z\u00e1vod byla zna\u010dn\u011b ovlivn\u011bna ne\u0161\u0165astnou s\u00e9ri\u00ed zran\u011bn\u00ed a onemocn\u011bn\u00ed.<\/p>\n<p> Podle zpr\u00e1v z reprezeta\u010dn\u00edho t\u00fdmu cyklist\u016f je na tom Jirka podobn\u011b jako p\u0159ed Pekingem, za\u010dal vozit je\u0161t\u011b t\u011b\u017e\u0161\u00ed p\u0159evod ne\u017e v lo\u0148sk\u00e9m roce, ale chyb\u00ed mu t\u00e9m\u011b\u0159 dva m\u011bs\u00edce tr\u00e9ninku, co\u017e se m\u016f\u017ee projevit v z\u00e1v\u011bru st\u00edha\u010dky. Z\u00e1vod v Manchesteru tedy cyklist\u00e9 berou jako test dr\u00e1hy p\u0159ed listopadov\u00fdm MS. <\/p>\n<p> <img decoding=\"async\" src=\"\/wordpress\/image\/k_clankum\/manlogo09.JPG\"> <\/p>\n","protected":false},"excerpt":{"rendered":"<a href=\"https:\/\/www.caths.cz\/wordpress\/svetoveho-poharu-v-manchesteru-se-zucastni-rekordnich-174-medailistu-z-paralympiady-v-pekingu\/\"><img loading=\"lazy\" decoding=\"async\" width=\"100\" height=\"100\" src=\"https:\/\/www.caths.cz\/wordpress\/wp-content\/plugins\/thumbnail-for-excerpts\/tfe_no_thumb.png\" class=\"alignleft wp-post-image tfe\" alt=\"\" title=\"\" \/><\/a><p>Opravdu hv\u011bzdn\u00e1 sportovn\u00ed sestava se v t\u011bchto dnech sejde v Manchesteru k z\u00e1vod\u016fm Sv\u011btov\u00e9ho poh\u00e1ru. Po\u0159adatel\u00e9 akreditovali neuv\u011b\u0159iteln\u00fdch 174 medailist\u016f z paralympi\u00e1dy v Pekingu, kte\u0159\u00ed budou sout\u011b\u017eit v atletice, plav\u00e1n\u00ed, [&hellip;]<\/p>\n","protected":false},"author":1,"featured_media":0,"comment_status":"closed","ping_status":"closed","sticky":false,"template":"","format":"standard","meta":{"ngg_post_thumbnail":0,"footnotes":""},"categories":[6],"tags":[],"class_list":["post-1033","post","type-post","status-publish","format-standard","hentry","category-caths-info"],"_links":{"self":[{"href":"https:\/\/www.caths.cz\/wordpress\/wp-json\/wp\/v2\/posts\/1033","targetHints":{"allow":["GET"]}}],"collection":[{"href":"https:\/\/www.caths.cz\/wordpress\/wp-json\/wp\/v2\/posts"}],"about":[{"href":"https:\/\/www.caths.cz\/wordpress\/wp-json\/wp\/v2\/types\/post"}],"author":[{"embeddable":true,"href":"https:\/\/www.caths.cz\/wordpress\/wp-json\/wp\/v2\/users\/1"}],"replies":[{"embeddable":true,"href":"https:\/\/www.caths.cz\/wordpress\/wp-json\/wp\/v2\/comments?post=1033"}],"version-history":[{"count":0,"href":"https:\/\/www.caths.cz\/wordpress\/wp-json\/wp\/v2\/posts\/1033\/revisions"}],"wp:attachment":[{"href":"https:\/\/www.caths.cz\/wordpress\/wp-json\/wp\/v2\/media?parent=1033"}],"wp:term":[{"taxonomy":"category","embeddable":true,"href":"https:\/\/www.caths.cz\/wordpress\/wp-json\/wp\/v2\/categories?post=1033"},{"taxonomy":"post_tag","embeddable":true,"href":"https:\/\/www.caths.cz\/wordpress\/wp-json\/wp\/v2\/tags?post=1033"}],"curies":[{"name":"wp","href":"https:\/\/api.w.org\/{rel}","templated":true}]}}