{"id":1032,"date":"2009-05-16T11:12:34","date_gmt":"2009-05-16T10:12:34","guid":{"rendered":"http:\/\/www.caths.cz\/wordpress\/?p=1032"},"modified":"2009-05-16T11:12:34","modified_gmt":"2009-05-16T10:12:34","slug":"mistrovstvi-sveta-v-cyklistice-2009-zna-nove-poradatele","status":"publish","type":"post","link":"https:\/\/www.caths.cz\/wordpress\/mistrovstvi-sveta-v-cyklistice-2009-zna-nove-poradatele\/","title":{"rendered":"Mistrovstv\u00ed sv\u011bta v cyklistice 2009 zn\u00e1 nov\u00e9 po\u0159adatele"},"content":{"rendered":"\n<p align=\"justify\">\nJak jsme ji\u017e p\u0159ed \u010dasem informovali, \u0161pan\u011blsk\u00e1 cyklistick\u00e1 federace se kv\u016fli finan\u010dn\u00edm probl\u00e9m\u016fm vzdala po\u0159adatelstv\u00ed Mistrovstv\u00ed sv\u011bta, kter\u00e9 se m\u011blo konat v Seville.<br \/>\nNyn\u00ed UCI zve\u0159ejnila nov\u00e9 informace t\u00fdkaj\u00edc\u00ed se sv\u011btov\u00e9ho \u0161ampion\u00e1tu. V leto\u0161n\u00edm roce, poprv\u00e9 v historii, se budou konat Mistrovstv\u00ed sv\u011bta dv\u011b resp. budou od sebe odd\u011blen\u00e9 dr\u00e1hov\u00e9 a silni\u010dn\u00ed discipl\u00edny.<\/p>\n<p>MS v silni\u010dn\u00edch discipl\u00edn\u00e1ch se bude konat 8. \u2013 13.z\u00e1\u0159\u00ed v regionu Piedmont v It\u00e1lii. MS na dr\u00e1ze bude 4. \u2013 8. listopadu v anglick\u00e9m Manchesteru. <\/p>\n","protected":false},"excerpt":{"rendered":"<a href=\"https:\/\/www.caths.cz\/wordpress\/mistrovstvi-sveta-v-cyklistice-2009-zna-nove-poradatele\/\"><img loading=\"lazy\" decoding=\"async\" width=\"100\" height=\"100\" src=\"https:\/\/www.caths.cz\/wordpress\/wp-content\/plugins\/thumbnail-for-excerpts\/tfe_no_thumb.png\" class=\"alignleft wp-post-image tfe\" alt=\"\" title=\"\" \/><\/a><p>Jak jsme ji\u017e p\u0159ed \u010dasem informovali, \u0161pan\u011blsk\u00e1 cyklistick\u00e1 federace se kv\u016fli finan\u010dn\u00edm probl\u00e9m\u016fm vzdala po\u0159adatelstv\u00ed Mistrovstv\u00ed sv\u011bta, kter\u00e9 se m\u011blo konat v Seville. Nyn\u00ed UCI zve\u0159ejnila nov\u00e9 informace t\u00fdkaj\u00edc\u00ed se [&hellip;]<\/p>\n","protected":false},"author":1,"featured_media":0,"comment_status":"closed","ping_status":"closed","sticky":false,"template":"","format":"standard","meta":{"ngg_post_thumbnail":0,"footnotes":""},"categories":[2],"tags":[],"class_list":["post-1032","post","type-post","status-publish","format-standard","hentry","category-cyklistika"],"_links":{"self":[{"href":"https:\/\/www.caths.cz\/wordpress\/wp-json\/wp\/v2\/posts\/1032","targetHints":{"allow":["GET"]}}],"collection":[{"href":"https:\/\/www.caths.cz\/wordpress\/wp-json\/wp\/v2\/posts"}],"about":[{"href":"https:\/\/www.caths.cz\/wordpress\/wp-json\/wp\/v2\/types\/post"}],"author":[{"embeddable":true,"href":"https:\/\/www.caths.cz\/wordpress\/wp-json\/wp\/v2\/users\/1"}],"replies":[{"embeddable":true,"href":"https:\/\/www.caths.cz\/wordpress\/wp-json\/wp\/v2\/comments?post=1032"}],"version-history":[{"count":0,"href":"https:\/\/www.caths.cz\/wordpress\/wp-json\/wp\/v2\/posts\/1032\/revisions"}],"wp:attachment":[{"href":"https:\/\/www.caths.cz\/wordpress\/wp-json\/wp\/v2\/media?parent=1032"}],"wp:term":[{"taxonomy":"category","embeddable":true,"href":"https:\/\/www.caths.cz\/wordpress\/wp-json\/wp\/v2\/categories?post=1032"},{"taxonomy":"post_tag","embeddable":true,"href":"https:\/\/www.caths.cz\/wordpress\/wp-json\/wp\/v2\/tags?post=1032"}],"curies":[{"name":"wp","href":"https:\/\/api.w.org\/{rel}","templated":true}]}}