{"id":1031,"date":"2009-05-15T22:17:35","date_gmt":"2009-05-15T21:17:35","guid":{"rendered":"http:\/\/www.caths.cz\/wordpress\/?p=1031"},"modified":"2009-05-15T22:17:35","modified_gmt":"2009-05-15T21:17:35","slug":"sekce-cyklistiky-handbike-a-triatlonu-ma-noveho-nekolikatydenniho-clena-karlajima","status":"publish","type":"post","link":"https:\/\/www.caths.cz\/wordpress\/sekce-cyklistiky-handbike-a-triatlonu-ma-noveho-nekolikatydenniho-clena-karlajima\/","title":{"rendered":"Sekce cyklistiky, handbike a triatlonu m\u00e1 nov\u00e9ho, n\u011bkolikat\u00fddenn\u00edho \u010dlena &#8211; KarlaJima"},"content":{"rendered":"<p align=\"justify\">Nov\u00fd \u010dlen, kter\u00e9ho anga\u017eovala do sv\u00fdch \u0159ad Sekce cyklistiky, handbike a triatlonu m\u00e1 teprve n\u011bkolik t\u00fddn\u016f a sly\u0161\u00ed na podivn\u00e9 jm\u00e9no &#8211; KarelJim, kter\u00e9 mu spole\u010dn\u011b, po dohod\u011b, dali K\u00e1\u0165a Krebsov\u00e1, Jarka Krakovi\u010dov\u00e1 a reprezenta\u010dn\u00ed tren\u00e9r Viktor Zapletal. <\/p>\n<p> Zat\u00edm nen\u00ed p\u0159\u00edli\u0161 jasn\u00e9, na jakou discipl\u00ednu se KarelJim bude specializovat. Dle tren\u00e9ra Zapletala disponuje v\u00fdrazn\u00fdmi silov\u011b &#8211; rychlostn\u00edmi schopnostmi, velmi rychle nastoup\u00ed, zakousne se a dr\u017e\u00ed, co\u017e by znamenalo, \u017ee by mohl b\u00fdt postrachem Team sprintu. Ale vylou\u010den\u00e9 nejsou ani schopnosti vytrvalostn\u00ed, co\u017e cyklist\u00e9 cht\u011bj\u00ed prov\u011b\u0159it tak, \u017ee KarlaJima po\u0161lou st\u00edhat Je\u017eka. Zaj\u00edmav\u011b na KarlaJima p\u016fsob\u00ed Jarka Krakovi\u010dov\u00e1, v jej\u00edm\u017e n\u00e1ru\u010d\u00ed okam\u017eit\u011b us\u00edn\u00e1, jak je patrn\u00e9 i na redak\u010dn\u00ed fotce. \ud83d\ude42<\/p>\n<p> <img decoding=\"async\" src=\"\/wordpress\/image\/k_clankum\/kj1.jpg\"><\/p>\n<p> <img decoding=\"async\" src=\"\/wordpress\/image\/k_clankum\/kj2.jpg\"><\/p>\n<p> <img decoding=\"async\" src=\"\/wordpress\/image\/k_clankum\/kj3.jpg\"><\/p>\n<p> <img decoding=\"async\" src=\"\/wordpress\/image\/k_clankum\/kj4.JPG\"><\/p>\n<p> <img decoding=\"async\" src=\"\/wordpress\/image\/k_clankum\/kj5.JPG\"><\/p>\n","protected":false},"excerpt":{"rendered":"<a href=\"https:\/\/www.caths.cz\/wordpress\/sekce-cyklistiky-handbike-a-triatlonu-ma-noveho-nekolikatydenniho-clena-karlajima\/\"><img loading=\"lazy\" decoding=\"async\" width=\"100\" height=\"100\" src=\"https:\/\/www.caths.cz\/wordpress\/wp-content\/plugins\/thumbnail-for-excerpts\/tfe_no_thumb.png\" class=\"alignleft wp-post-image tfe\" alt=\"\" title=\"\" \/><\/a><p>Nov\u00fd \u010dlen, kter\u00e9ho anga\u017eovala do sv\u00fdch \u0159ad Sekce cyklistiky, handbike a triatlonu m\u00e1 teprve n\u011bkolik t\u00fddn\u016f a sly\u0161\u00ed na podivn\u00e9 jm\u00e9no &#8211; KarelJim, kter\u00e9 mu spole\u010dn\u011b, po dohod\u011b, dali K\u00e1\u0165a [&hellip;]<\/p>\n","protected":false},"author":1,"featured_media":0,"comment_status":"closed","ping_status":"closed","sticky":false,"template":"","format":"standard","meta":{"ngg_post_thumbnail":0,"footnotes":""},"categories":[2],"tags":[],"class_list":["post-1031","post","type-post","status-publish","format-standard","hentry","category-cyklistika"],"_links":{"self":[{"href":"https:\/\/www.caths.cz\/wordpress\/wp-json\/wp\/v2\/posts\/1031","targetHints":{"allow":["GET"]}}],"collection":[{"href":"https:\/\/www.caths.cz\/wordpress\/wp-json\/wp\/v2\/posts"}],"about":[{"href":"https:\/\/www.caths.cz\/wordpress\/wp-json\/wp\/v2\/types\/post"}],"author":[{"embeddable":true,"href":"https:\/\/www.caths.cz\/wordpress\/wp-json\/wp\/v2\/users\/1"}],"replies":[{"embeddable":true,"href":"https:\/\/www.caths.cz\/wordpress\/wp-json\/wp\/v2\/comments?post=1031"}],"version-history":[{"count":0,"href":"https:\/\/www.caths.cz\/wordpress\/wp-json\/wp\/v2\/posts\/1031\/revisions"}],"wp:attachment":[{"href":"https:\/\/www.caths.cz\/wordpress\/wp-json\/wp\/v2\/media?parent=1031"}],"wp:term":[{"taxonomy":"category","embeddable":true,"href":"https:\/\/www.caths.cz\/wordpress\/wp-json\/wp\/v2\/categories?post=1031"},{"taxonomy":"post_tag","embeddable":true,"href":"https:\/\/www.caths.cz\/wordpress\/wp-json\/wp\/v2\/tags?post=1031"}],"curies":[{"name":"wp","href":"https:\/\/api.w.org\/{rel}","templated":true}]}}