{"id":1029,"date":"2009-05-14T21:27:35","date_gmt":"2009-05-14T20:27:35","guid":{"rendered":"http:\/\/www.caths.cz\/wordpress\/?p=1029"},"modified":"2009-05-14T21:27:35","modified_gmt":"2009-05-14T20:27:35","slug":"jiriho-jezka-pri-treninku-srazilo-auto","status":"publish","type":"post","link":"https:\/\/www.caths.cz\/wordpress\/jiriho-jezka-pri-treninku-srazilo-auto\/","title":{"rendered":"Ji\u0159\u00edho Je\u017eka p\u0159i tr\u00e9ninku srazilo auto"},"content":{"rendered":"<p align=\"justify\">Dal\u0161\u00ed nep\u0159\u00edjemn\u00e1 zpr\u00e1va t\u00fdkaj\u00edc\u00ed se na\u0161eho nej\u00fasp\u011b\u0161n\u011bj\u0161\u00edho cyklisty, Ji\u0159\u00edho Je\u017eka. P\u0159i tr\u00e9ninku m\u011bl kolizi s jedouc\u00edm vozidlem.<\/p>\n<p align=\"justify\">Co se vlastn\u011b stalo? <\/p>\n<p> &#8222;M\u011bl jsem od tren\u00e9ra pro dne\u0161ek naordinov\u00e1no nejezdit nikam, l\u00e9\u010dit zran\u011bn\u00ed a odpo\u010d\u00edvat, to ale jen m\u00e1lokdy dodr\u017e\u00edm, tak\u017ee musel p\u0159ij\u00edt spravedliv\u00fd trest&#8220; usm\u00edv\u00e1 se Jirka a u\u017e v\u00e1\u017en\u011b dod\u00e1v\u00e1: &#8222;vyj\u00ed\u017ed\u011bl jsem na tr\u00e9nink a v ostr\u00e9 zat\u00e1\u010dce parkovalo auto. Kdy\u017e jsem ho m\u00edjel, n\u00e1hle se rozjelo, vybo\u010dilo do strany a u\u017e jsem let\u011bl p\u0159es celou kapotu p\u0159\u00edmo pod kola, na\u0161t\u011bst\u00ed ale auto jelo velmi pomalu&#8220; popisuje ud\u00e1lost paralympijsk\u00fd v\u00edt\u011bz a mistr sv\u011bta a pokra\u010duje: &#8222;nem\u00e1m nic zlomen\u00e9ho, mimo toho \u017eebra, kter\u00e9 u\u017e jsem zlomen\u00e9 m\u011bl, ale p\u016flku t\u011bla m\u00e1m hodn\u011b pohmo\u017ed\u011bnou, nem\u016f\u017eu zvednout ruku, m\u00e1m znehybn\u011bn\u00e9 rameno, prakticky jsem ani nemohl \u0159\u00eddit auto a to\u010dit volantem. Nev\u00edm, jestli se mi poda\u0159\u00ed srovnat se do leha\u010dek na dr\u00e1hov\u00e9m speci\u00e1lu&#8220; <\/p>\n<p> Reprezenta\u010dn\u00ed l\u00e9ka\u0159i cyklist\u016f dod\u00e1vaj\u00ed &#8222;v norm\u00e1ln\u00edm p\u0159\u00edpad\u011b bychom pacientovi s tak rozs\u00e1hl\u00fdmi pohmo\u017edinami ordinovali minim\u00e1ln\u011b t\u00fddenn\u00ed klid na l\u016f\u017eku, zvl\u00e1\u0161t\u011b v p\u0159\u00edpad\u011b, kdy\u017e st\u00e1le je\u0161t\u011b nem\u00e1 zhojen\u00e1 zran\u011bn\u00ed z p\u0159edchoz\u00edho p\u00e1du a t\u011blo je nav\u00edc oslaben\u00e9 komplikovan\u00fdm onemocn\u011bn\u00edm a antibiotikovou l\u00e9\u010dbou. U Jirky je ale situace jin\u00e1, jsme p\u0159ipraveni ud\u011blat v\u0161e, aby mohl absolvovat z\u00e1vod Sv\u011btov\u00e9ho poh\u00e1ru v Manchesteru. Je k sob\u011b velmi tvrd\u00fd, uvid\u00edme, jak na tom bude z\u00edtra r\u00e1no&#8220; <\/p>\n<p> Pro \u00faplnost dod\u00e1v\u00e1me, \u017ee Jirka bojuje s onemocn\u011bn\u00edm a zran\u011bn\u00edmi od \u00fanora, kdy ho p\u0159i z\u00e1vod\u011b Vuelta Dominicana postihla velmi nep\u0159\u00edjemn\u00e1 st\u0159evn\u00ed infekce, kterou l\u00e9\u010dil t\u00e9m\u011b\u0159 m\u011bs\u00edc, pak n\u00e1sledoval p\u00e1d p\u0159i z\u00e1vod\u011b, zlomen\u00e9 \u017eebro a rozs\u00e1hl\u00e9 od\u0159eniny a pot\u00e9 dal\u0161\u00ed infekce, tentokr\u00e1t dutiny nosn\u00ed, prov\u00e1zen\u00e1 komplikovanou l\u00e9\u010dbou. <\/p>\n<p> Ji\u0159\u00ed Je\u017eek by m\u011bl v \u00fater\u00fd odl\u00e9tat na z\u00e1vod Sv\u011btov\u00e9ho poh\u00e1ru do Manchesteru. Sou\u010dasn\u00fd zdravotn\u00ed stav, ale jeho start v tomto z\u00e1vod\u011b zna\u010dn\u011b zpochybnil. O dal\u0161\u00edm v\u00fdvoji ud\u00e1lost\u00ed a zdravotn\u00edm stavu Jirky v\u00e1s budeme informovat.<\/p>\n","protected":false},"excerpt":{"rendered":"<a href=\"https:\/\/www.caths.cz\/wordpress\/jiriho-jezka-pri-treninku-srazilo-auto\/\"><img loading=\"lazy\" decoding=\"async\" width=\"100\" height=\"100\" src=\"https:\/\/www.caths.cz\/wordpress\/wp-content\/plugins\/thumbnail-for-excerpts\/tfe_no_thumb.png\" class=\"alignleft wp-post-image tfe\" alt=\"\" title=\"\" \/><\/a><p>Dal\u0161\u00ed nep\u0159\u00edjemn\u00e1 zpr\u00e1va t\u00fdkaj\u00edc\u00ed se na\u0161eho nej\u00fasp\u011b\u0161n\u011bj\u0161\u00edho cyklisty, Ji\u0159\u00edho Je\u017eka. P\u0159i tr\u00e9ninku m\u011bl kolizi s jedouc\u00edm vozidlem. Co se vlastn\u011b stalo? &#8222;M\u011bl jsem od tren\u00e9ra pro dne\u0161ek naordinov\u00e1no nejezdit nikam, [&hellip;]<\/p>\n","protected":false},"author":1,"featured_media":0,"comment_status":"closed","ping_status":"closed","sticky":false,"template":"","format":"standard","meta":{"ngg_post_thumbnail":0,"footnotes":""},"categories":[2],"tags":[],"class_list":["post-1029","post","type-post","status-publish","format-standard","hentry","category-cyklistika"],"_links":{"self":[{"href":"https:\/\/www.caths.cz\/wordpress\/wp-json\/wp\/v2\/posts\/1029","targetHints":{"allow":["GET"]}}],"collection":[{"href":"https:\/\/www.caths.cz\/wordpress\/wp-json\/wp\/v2\/posts"}],"about":[{"href":"https:\/\/www.caths.cz\/wordpress\/wp-json\/wp\/v2\/types\/post"}],"author":[{"embeddable":true,"href":"https:\/\/www.caths.cz\/wordpress\/wp-json\/wp\/v2\/users\/1"}],"replies":[{"embeddable":true,"href":"https:\/\/www.caths.cz\/wordpress\/wp-json\/wp\/v2\/comments?post=1029"}],"version-history":[{"count":0,"href":"https:\/\/www.caths.cz\/wordpress\/wp-json\/wp\/v2\/posts\/1029\/revisions"}],"wp:attachment":[{"href":"https:\/\/www.caths.cz\/wordpress\/wp-json\/wp\/v2\/media?parent=1029"}],"wp:term":[{"taxonomy":"category","embeddable":true,"href":"https:\/\/www.caths.cz\/wordpress\/wp-json\/wp\/v2\/categories?post=1029"},{"taxonomy":"post_tag","embeddable":true,"href":"https:\/\/www.caths.cz\/wordpress\/wp-json\/wp\/v2\/tags?post=1029"}],"curies":[{"name":"wp","href":"https:\/\/api.w.org\/{rel}","templated":true}]}}