{"id":1028,"date":"2009-05-14T09:34:32","date_gmt":"2009-05-14T08:34:32","guid":{"rendered":"http:\/\/www.caths.cz\/wordpress\/?p=1028"},"modified":"2016-04-23T09:44:13","modified_gmt":"2016-04-23T08:44:13","slug":"co-znamena-pojed-s-nami","status":"publish","type":"post","link":"https:\/\/www.caths.cz\/wordpress\/co-znamena-pojed-s-nami\/","title":{"rendered":"CO ZNAMEN\u00c1 &#8211; &quot;POJE\u010e S N\u00c1MI!&quot;"},"content":{"rendered":"<p align=\"justify\">Znovu byla tato v\u011bta vyslovena p\u0159i rozhovoru a k\u00e1v\u011b s hercem Pavlem Nov\u00fdm. A pak u\u017e byl pouze kr\u016f\u010dek k n\u00e1padu: vytvo\u0159me slogan, pod kter\u00fdm budou organizov\u00e1ny sportovn\u00ed aktivity hadicapovan\u00fdch &#8211; v r\u00e1mci z\u00e1vod\u016f a sportovn\u00edch aktivit pro \u0161irokou ve\u0159ejnost.<\/p>\n<p>&#8222;Poje\u010f s n\u00e1mi!&#8220; tedy znamen\u00e1, p\u0159esta\u0148 sed\u011bt doma a za\u010dni sportovat.<\/p>\n<p>Nez\u00e1le\u017e\u00ed na tom jakou m\u00e1\u0161 nyn\u00ed v\u00fdkonnost \u010di sportovn\u00ed p\u0159edpoklady. Budeme se v\u00e1m sna\u017eit nab\u00eddnout \u0161irokou \u0161k\u00e1lu z\u00e1vod\u016f, nejenom cyklistick\u00fdch, kde nez\u00e1le\u017e\u00ed na v\u00fdsledn\u00e9m \u010dasu, po\u0159ad\u00ed, medail\u00edch. D\u016fle\u017eit\u00e9 bude, kdy\u017e v c\u00edli z\u00e1vodu budete m\u00edt fajn pocit, budete se t\u011b\u0161it na dal\u0161\u00ed a p\u0159edev\u0161\u00edm &#8211; tato aktivita v\u00e1s bude motivovat k pravideln\u00e9mu sportov\u00e1n\u00ed.<\/p>\n<p>Z\u00e1vody jsou pe\u010dliv\u011b vyb\u00edr\u00e1ny a jejich trasy jsou uzp\u016fsobeny k tomu, aby je mohli absolvovat i handicapovan\u00ed sportovci. Po\u0159\u00e1daj\u00ed je na\u0161i kamar\u00e1di a sportovn\u00ed nad\u0161enci &#8211; budou se t\u011b\u0161it na va\u0161i \u00fa\u010dast, po\u010d\u00edtat s n\u00ed a r\u00e1di v\u00e1m pom\u016f\u017eou p\u0159i p\u0159\u00edpadn\u00fdch nesn\u00e1z\u00edch.<\/p>\n<p>Prost\u011b &#8211; &#8222;POJE\u010e S N\u00c1MI!&#8220; &#8211; sledujte www.caths.cz<\/p>\n<p>Pavel Nov\u00fd, Viktor Zapletal, Tom\u00e1\u0161 Pouch, Ji\u0159\u00ed Je\u017eek<\/p>\n<hr \/>\n<div align=\"center\">\n<div id=\"attachment_4161\" style=\"width: 477px\" class=\"wp-caption aligncenter\"><img loading=\"lazy\" decoding=\"async\" aria-describedby=\"caption-attachment-4161\" class=\"wp-image-4161 size-full\" src=\"http:\/\/caths.cz\/wordpress\/wp-content\/uploads\/2009\/05\/jayco2.jpg\" alt=\"jayco2\" width=\"467\" height=\"700\" srcset=\"https:\/\/www.caths.cz\/wordpress\/wp-content\/uploads\/2009\/05\/jayco2.jpg 467w, https:\/\/www.caths.cz\/wordpress\/wp-content\/uploads\/2009\/05\/jayco2-200x300.jpg 200w, https:\/\/www.caths.cz\/wordpress\/wp-content\/uploads\/2009\/05\/jayco2-80x120.jpg 80w\" sizes=\"auto, (max-width: 467px) 100vw, 467px\" \/><p id=\"caption-attachment-4161\" class=\"wp-caption-text\">Poje\u010f s n\u00e1mi!<\/p><\/div>\n<p>&nbsp;<\/p>\n<div id=\"attachment_4162\" style=\"width: 506px\" class=\"wp-caption aligncenter\"><a href=\"http:\/\/caths.cz\/wordpress\/wp-content\/uploads\/2009\/05\/cyklistika-2009-0102.jpg\"><img loading=\"lazy\" decoding=\"async\" aria-describedby=\"caption-attachment-4162\" class=\"wp-image-4162 size-full\" src=\"http:\/\/caths.cz\/wordpress\/wp-content\/uploads\/2009\/05\/cyklistika-2009-0102.jpg\" alt=\"OLYMPUS DIGITAL CAMERA\" width=\"496\" height=\"372\" srcset=\"https:\/\/www.caths.cz\/wordpress\/wp-content\/uploads\/2009\/05\/cyklistika-2009-0102.jpg 496w, https:\/\/www.caths.cz\/wordpress\/wp-content\/uploads\/2009\/05\/cyklistika-2009-0102-300x225.jpg 300w, https:\/\/www.caths.cz\/wordpress\/wp-content\/uploads\/2009\/05\/cyklistika-2009-0102-120x90.jpg 120w\" sizes=\"auto, (max-width: 496px) 100vw, 496px\" \/><\/a><p id=\"caption-attachment-4162\" class=\"wp-caption-text\">Autorka n\u00e1pisu Poje\u010f s n\u00e1mi! Monika Krakovi\u010dov\u00e1<\/p><\/div>\n<\/div>\n","protected":false},"excerpt":{"rendered":"<a href=\"https:\/\/www.caths.cz\/wordpress\/co-znamena-pojed-s-nami\/\"><img width=\"100\" height=\"100\" src=\"https:\/\/www.caths.cz\/wordpress\/wp-content\/uploads\/2009\/05\/jayco2-100x100.jpg\" class=\"alignleft tfe wp-post-image\" alt=\"\" decoding=\"async\" loading=\"lazy\" srcset=\"https:\/\/www.caths.cz\/wordpress\/wp-content\/uploads\/2009\/05\/jayco2-100x100.jpg 100w, https:\/\/www.caths.cz\/wordpress\/wp-content\/uploads\/2009\/05\/jayco2-150x150.jpg 150w\" sizes=\"auto, (max-width: 100px) 100vw, 100px\" \/><\/a><p>Znovu byla tato v\u011bta vyslovena p\u0159i rozhovoru a k\u00e1v\u011b s hercem Pavlem Nov\u00fdm. A pak u\u017e byl pouze kr\u016f\u010dek k n\u00e1padu: vytvo\u0159me slogan, pod kter\u00fdm budou organizov\u00e1ny sportovn\u00ed aktivity hadicapovan\u00fdch [&hellip;]<\/p>\n","protected":false},"author":1,"featured_media":4161,"comment_status":"closed","ping_status":"closed","sticky":false,"template":"","format":"standard","meta":{"ngg_post_thumbnail":0,"footnotes":""},"categories":[6],"tags":[],"class_list":["post-1028","post","type-post","status-publish","format-standard","has-post-thumbnail","hentry","category-caths-info"],"_links":{"self":[{"href":"https:\/\/www.caths.cz\/wordpress\/wp-json\/wp\/v2\/posts\/1028","targetHints":{"allow":["GET"]}}],"collection":[{"href":"https:\/\/www.caths.cz\/wordpress\/wp-json\/wp\/v2\/posts"}],"about":[{"href":"https:\/\/www.caths.cz\/wordpress\/wp-json\/wp\/v2\/types\/post"}],"author":[{"embeddable":true,"href":"https:\/\/www.caths.cz\/wordpress\/wp-json\/wp\/v2\/users\/1"}],"replies":[{"embeddable":true,"href":"https:\/\/www.caths.cz\/wordpress\/wp-json\/wp\/v2\/comments?post=1028"}],"version-history":[{"count":4,"href":"https:\/\/www.caths.cz\/wordpress\/wp-json\/wp\/v2\/posts\/1028\/revisions"}],"predecessor-version":[{"id":22840,"href":"https:\/\/www.caths.cz\/wordpress\/wp-json\/wp\/v2\/posts\/1028\/revisions\/22840"}],"wp:featuredmedia":[{"embeddable":true,"href":"https:\/\/www.caths.cz\/wordpress\/wp-json\/wp\/v2\/media\/4161"}],"wp:attachment":[{"href":"https:\/\/www.caths.cz\/wordpress\/wp-json\/wp\/v2\/media?parent=1028"}],"wp:term":[{"taxonomy":"category","embeddable":true,"href":"https:\/\/www.caths.cz\/wordpress\/wp-json\/wp\/v2\/categories?post=1028"},{"taxonomy":"post_tag","embeddable":true,"href":"https:\/\/www.caths.cz\/wordpress\/wp-json\/wp\/v2\/tags?post=1028"}],"curies":[{"name":"wp","href":"https:\/\/api.w.org\/{rel}","templated":true}]}}