{"id":1019,"date":"2009-05-05T12:11:03","date_gmt":"2009-05-05T11:11:03","guid":{"rendered":"http:\/\/www.caths.cz\/wordpress\/?p=1019"},"modified":"2009-05-05T12:11:03","modified_gmt":"2009-05-05T11:11:03","slug":"jiri-jezek-je-opet-v-plnem-treninku","status":"publish","type":"post","link":"https:\/\/www.caths.cz\/wordpress\/jiri-jezek-je-opet-v-plnem-treninku\/","title":{"rendered":"Ji\u0159\u00ed Je\u017eek je op\u011bt v pln\u00e9m tr\u00e9ninku!"},"content":{"rendered":"<p align=\"justify\">Pot\u011b\u0161iteln\u00e1 zpr\u00e1va p\u0159ich\u00e1z\u00ed ze sekce cyklistiky &#8211; Ji\u0159\u00ed Je\u017eek je op\u011bt v pln\u00e9m tr\u00e9ninku a p\u0159ipravuje se na z\u00e1vod SP v Manchesteru. A jak je patrn\u00e9 z n\u00e1sleduj\u00edc\u00edch fotografi\u00ed, pustil se naplno do boj\u016f s profesion\u00e1ln\u00edmi cyklisty.<\/p>\n<p align=\"justify\">&#8222;M\u011bs\u00ed\u010dn\u00ed tr\u00e9ninkov\u00fd v\u00fdpadek je samoz\u0159ejm\u011b zn\u00e1t a Jirku \u010dek\u00e1 slo\u017eit\u00fd \u00fakol, jak se p\u0159ipravit se na z\u00e1vod SP v Manchesteru, kter\u00fd je u\u017e za p\u00e1r dn\u00ed. M\u00e1me speci\u00e1ln\u00ed tr\u00e9ninkov\u00fd pl\u00e1n pro takov\u00e9hle p\u0159\u00edpady a Jirka se ur\u010dit\u011b pokus\u00ed ud\u011blat maximum pro dobr\u00fd v\u00fdsledek v Manchesteru. Je obrovsk\u00fd bojovn\u00edk a velice citliv\u011b dok\u00e1\u017ee odhadnout sv\u00e9 aktu\u00e1ln\u00ed mo\u017enosti, co\u017e je ostatn\u011b z\u00e1kladem nejenom t\u00e9to konkr\u00e9tn\u00ed p\u0159\u00edpravy, ale i v\u0161ech Jirkov\u00fdch \u00fasp\u011bch\u016f. No uvid\u00edme, to zran\u011bn\u00ed a nemoc byly opravdu v\u00e1\u017en\u00e9 &#8211; st\u00e1le tr\u00e9nuje se zlomen\u00fdm \u017eebrem&#8230;&#8220; komentuje sou\u010dasnou p\u0159\u00edpravu sv\u00e9ho sv\u011b\u0159ence tren\u00e9r Zapletal<\/p>\n<p> <img decoding=\"async\" src=\"\/wordpress\/image\/k_clankum\/30.JPG\"><\/p>\n<p> <img decoding=\"async\" src=\"\/wordpress\/image\/k_clankum\/31.JPG\"><\/p>\n<p> foto Michal \u010cepi\u010dka<\/p>\n","protected":false},"excerpt":{"rendered":"<a href=\"https:\/\/www.caths.cz\/wordpress\/jiri-jezek-je-opet-v-plnem-treninku\/\"><img loading=\"lazy\" decoding=\"async\" width=\"100\" height=\"100\" src=\"https:\/\/www.caths.cz\/wordpress\/wp-content\/plugins\/thumbnail-for-excerpts\/tfe_no_thumb.png\" class=\"alignleft wp-post-image tfe\" alt=\"\" title=\"\" \/><\/a><p>Pot\u011b\u0161iteln\u00e1 zpr\u00e1va p\u0159ich\u00e1z\u00ed ze sekce cyklistiky &#8211; Ji\u0159\u00ed Je\u017eek je op\u011bt v pln\u00e9m tr\u00e9ninku a p\u0159ipravuje se na z\u00e1vod SP v Manchesteru. A jak je patrn\u00e9 z n\u00e1sleduj\u00edc\u00edch fotografi\u00ed, pustil [&hellip;]<\/p>\n","protected":false},"author":1,"featured_media":0,"comment_status":"closed","ping_status":"closed","sticky":false,"template":"","format":"standard","meta":{"ngg_post_thumbnail":0,"footnotes":""},"categories":[2],"tags":[],"class_list":["post-1019","post","type-post","status-publish","format-standard","hentry","category-cyklistika"],"_links":{"self":[{"href":"https:\/\/www.caths.cz\/wordpress\/wp-json\/wp\/v2\/posts\/1019","targetHints":{"allow":["GET"]}}],"collection":[{"href":"https:\/\/www.caths.cz\/wordpress\/wp-json\/wp\/v2\/posts"}],"about":[{"href":"https:\/\/www.caths.cz\/wordpress\/wp-json\/wp\/v2\/types\/post"}],"author":[{"embeddable":true,"href":"https:\/\/www.caths.cz\/wordpress\/wp-json\/wp\/v2\/users\/1"}],"replies":[{"embeddable":true,"href":"https:\/\/www.caths.cz\/wordpress\/wp-json\/wp\/v2\/comments?post=1019"}],"version-history":[{"count":0,"href":"https:\/\/www.caths.cz\/wordpress\/wp-json\/wp\/v2\/posts\/1019\/revisions"}],"wp:attachment":[{"href":"https:\/\/www.caths.cz\/wordpress\/wp-json\/wp\/v2\/media?parent=1019"}],"wp:term":[{"taxonomy":"category","embeddable":true,"href":"https:\/\/www.caths.cz\/wordpress\/wp-json\/wp\/v2\/categories?post=1019"},{"taxonomy":"post_tag","embeddable":true,"href":"https:\/\/www.caths.cz\/wordpress\/wp-json\/wp\/v2\/tags?post=1019"}],"curies":[{"name":"wp","href":"https:\/\/api.w.org\/{rel}","templated":true}]}}