{"id":1018,"date":"2009-05-04T14:14:43","date_gmt":"2009-05-04T13:14:43","guid":{"rendered":"http:\/\/www.caths.cz\/wordpress\/?p=1018"},"modified":"2009-05-04T14:14:43","modified_gmt":"2009-05-04T13:14:43","slug":"vysledky-2-a-3-kola-ceskeho-poharu-handbike","status":"publish","type":"post","link":"https:\/\/www.caths.cz\/wordpress\/vysledky-2-a-3-kola-ceskeho-poharu-handbike\/","title":{"rendered":"V\u00fdsledky 2. a 3. kola \u010cesk\u00e9ho poh\u00e1ru handbike"},"content":{"rendered":"<p>Memori\u00e1l Ev\u017eena Cihl\u00e1\u0159e (1.5.2009 Praha) &#8211; v\u00fdsledky ke sta\u017een\u00ed <strong><a href=\"storage\/handbike\/mec_09.xls\"><font face=\"Trebuchet MS\" size=\"2\"><br \/>\nzde<\/strong><\/font><\/a><\/p>\n<p>Memori\u00e1l Karla Raise (2.5.2009 Louny) &#8211; v\u00fdsledky ke sta\u017een\u00ed <strong><a href=\"storage\/handbike\/mkr_09.xls\"><font face=\"Trebuchet MS\" size=\"2\"><br \/>\nzde<\/strong><\/font><\/a><\/p>\n","protected":false},"excerpt":{"rendered":"<a href=\"https:\/\/www.caths.cz\/wordpress\/vysledky-2-a-3-kola-ceskeho-poharu-handbike\/\"><img loading=\"lazy\" decoding=\"async\" width=\"100\" height=\"100\" src=\"https:\/\/www.caths.cz\/wordpress\/wp-content\/plugins\/thumbnail-for-excerpts\/tfe_no_thumb.png\" class=\"alignleft wp-post-image tfe\" alt=\"\" title=\"\" \/><\/a><p>Memori\u00e1l Ev\u017eena Cihl\u00e1\u0159e (1.5.2009 Praha) &#8211; v\u00fdsledky ke sta\u017een\u00ed zde Memori\u00e1l Karla Raise (2.5.2009 Louny) &#8211; v\u00fdsledky ke sta\u017een\u00ed zde<\/p>\n","protected":false},"author":1,"featured_media":0,"comment_status":"closed","ping_status":"closed","sticky":false,"template":"","format":"standard","meta":{"ngg_post_thumbnail":0,"footnotes":""},"categories":[9],"tags":[],"class_list":["post-1018","post","type-post","status-publish","format-standard","hentry","category-handbike"],"_links":{"self":[{"href":"https:\/\/www.caths.cz\/wordpress\/wp-json\/wp\/v2\/posts\/1018","targetHints":{"allow":["GET"]}}],"collection":[{"href":"https:\/\/www.caths.cz\/wordpress\/wp-json\/wp\/v2\/posts"}],"about":[{"href":"https:\/\/www.caths.cz\/wordpress\/wp-json\/wp\/v2\/types\/post"}],"author":[{"embeddable":true,"href":"https:\/\/www.caths.cz\/wordpress\/wp-json\/wp\/v2\/users\/1"}],"replies":[{"embeddable":true,"href":"https:\/\/www.caths.cz\/wordpress\/wp-json\/wp\/v2\/comments?post=1018"}],"version-history":[{"count":0,"href":"https:\/\/www.caths.cz\/wordpress\/wp-json\/wp\/v2\/posts\/1018\/revisions"}],"wp:attachment":[{"href":"https:\/\/www.caths.cz\/wordpress\/wp-json\/wp\/v2\/media?parent=1018"}],"wp:term":[{"taxonomy":"category","embeddable":true,"href":"https:\/\/www.caths.cz\/wordpress\/wp-json\/wp\/v2\/categories?post=1018"},{"taxonomy":"post_tag","embeddable":true,"href":"https:\/\/www.caths.cz\/wordpress\/wp-json\/wp\/v2\/tags?post=1018"}],"curies":[{"name":"wp","href":"https:\/\/api.w.org\/{rel}","templated":true}]}}