{"id":1017,"date":"2009-05-04T08:39:54","date_gmt":"2009-05-04T07:39:54","guid":{"rendered":"http:\/\/www.caths.cz\/wordpress\/?p=1017"},"modified":"2009-05-04T08:39:54","modified_gmt":"2009-05-04T07:39:54","slug":"prvni-rocnik-duratec-cesky-pohar-tandemu-uz-ma-za-sebou-tri-zavody","status":"publish","type":"post","link":"https:\/\/www.caths.cz\/wordpress\/prvni-rocnik-duratec-cesky-pohar-tandemu-uz-ma-za-sebou-tri-zavody\/","title":{"rendered":"Prvn\u00ed ro\u010dn\u00edk DURATEC \u010cesk\u00fd poh\u00e1r tandem\u016f u\u017e m\u00e1 za sebou t\u0159i z\u00e1vody"},"content":{"rendered":"<p align=\"justify\">\nU\u017e t\u0159i kvalitn\u00ed z\u00e1vody maj\u00ed za sebou \u00fa\u010dastn\u00edci DURATEC \u010cesk\u00e9ho poh\u00e1ru tandem\u016f. Po p\u00e1te\u010dn\u00edm Memori\u00e1lu Ev\u017eena Cihl\u00e1\u0159e se tandemist\u00e9 se\u0161li v ned\u011bli v Plzni, kde absolvovali dvojz\u00e1vod &#8211; dopoledn\u00ed \u010dasovku a odpoledn\u00ed krit\u00e9rium.<\/p>\n<p align=\"justify\"> Prub\u011b\u017en\u00e9mu po\u0159ad\u00ed DURATEC \u010cesk\u00e9ho poh\u00e1ru dominuje dvojice Ji\u0159\u00ed Chyba &#8211; Marek Moflar (Rubena Specialized cycling team), kte\u0159\u00ed s velik\u00fdm p\u0159ehledem zv\u00edt\u011bzili ve v\u0161ech z\u00e1vodech.<br \/><em> &#8222;Jirka s Markem se sj\u00ed\u017ed\u011bj\u00ed teprve p\u00e1r m\u011bs\u00edc\u016f, oba jsou talentovan\u00ed, tvrd\u011b a poctiv\u011b tr\u00e9nuj\u00ed a p\u0159edstavuj\u00ed t\u00e9m\u011b\u0159 ide\u00e1ln\u00ed tandemovou dvojici. Maj\u00ed p\u0159edpoklady b\u00fdt \u00fasp\u011b\u0161n\u00ed v mezin\u00e1rodn\u00edm m\u011b\u0159\u00edtku&#8220; <\/em>hodnot\u00ed tento tandem tren\u00e9r Viktor Zapletal.<br \/> Vynikaj\u00edc\u00ed v\u00fdkony p\u0159edv\u00e1d\u00ed i d\u00e1msk\u00fd tandem ve slo\u017een\u00ed Mirka Sedl\u00e1\u010dkov\u00e1 &#8211; Jana Jirou\u0161kov\u00e1.<br \/> Za zm\u00ednku stoj\u00ed i to, \u017ee v\u0161ech z\u00e1vod\u016f \u010cP se z\u00fa\u010dastnil tandem osobnost\u00ed &#8211; cyklista a n\u011bkolikan\u00e1sobn\u00fd medailista z MS v cyklokrosu Miloslav Kvasni\u010dka s hercem Pavlem Nov\u00fdm, kte\u0159\u00ed z\u00e1vod\u00ed pod heslem Poje\u010f s n\u00e1mi!<\/p>\n<p> Tak\u017ee i Vy, p\u0159idejte se k n\u00e1m a POJE\u010eTE S N\u00c1MI! <\/p>\n<p> Z\u00e1vody tandem\u016f pokra\u010duj\u00ed 6.6. v Bed\u0159ichov\u011b z\u00e1vodem horsk\u00fdch kol Jizersk\u00e1 50, kter\u00fd je z\u00e1rove\u0148 i prvn\u00edm Mistrovstv\u00edm \u010cR horsk\u00fdch tandem\u016f. <\/p>\n<p> <img decoding=\"async\" src=\"\/wordpress\/image\/k_clankum\/cyklistika 2009 005.jpg\"><\/p>\n<p> <img decoding=\"async\" src=\"\/wordpress\/image\/k_clankum\/cyklistika 2009 010(2).jpg\"><\/p>\n<p> <img decoding=\"async\" src=\"\/wordpress\/image\/k_clankum\/cyklistika 2009 035.jpg\"><\/p>\n","protected":false},"excerpt":{"rendered":"<a href=\"https:\/\/www.caths.cz\/wordpress\/prvni-rocnik-duratec-cesky-pohar-tandemu-uz-ma-za-sebou-tri-zavody\/\"><img loading=\"lazy\" decoding=\"async\" width=\"100\" height=\"100\" src=\"https:\/\/www.caths.cz\/wordpress\/wp-content\/plugins\/thumbnail-for-excerpts\/tfe_no_thumb.png\" class=\"alignleft wp-post-image tfe\" alt=\"\" title=\"\" \/><\/a><p>U\u017e t\u0159i kvalitn\u00ed z\u00e1vody maj\u00ed za sebou \u00fa\u010dastn\u00edci DURATEC \u010cesk\u00e9ho poh\u00e1ru tandem\u016f. Po p\u00e1te\u010dn\u00edm Memori\u00e1lu Ev\u017eena Cihl\u00e1\u0159e se tandemist\u00e9 se\u0161li v ned\u011bli v Plzni, kde absolvovali dvojz\u00e1vod &#8211; dopoledn\u00ed \u010dasovku [&hellip;]<\/p>\n","protected":false},"author":1,"featured_media":0,"comment_status":"closed","ping_status":"closed","sticky":false,"template":"","format":"standard","meta":{"ngg_post_thumbnail":0,"footnotes":""},"categories":[2],"tags":[],"class_list":["post-1017","post","type-post","status-publish","format-standard","hentry","category-cyklistika"],"_links":{"self":[{"href":"https:\/\/www.caths.cz\/wordpress\/wp-json\/wp\/v2\/posts\/1017","targetHints":{"allow":["GET"]}}],"collection":[{"href":"https:\/\/www.caths.cz\/wordpress\/wp-json\/wp\/v2\/posts"}],"about":[{"href":"https:\/\/www.caths.cz\/wordpress\/wp-json\/wp\/v2\/types\/post"}],"author":[{"embeddable":true,"href":"https:\/\/www.caths.cz\/wordpress\/wp-json\/wp\/v2\/users\/1"}],"replies":[{"embeddable":true,"href":"https:\/\/www.caths.cz\/wordpress\/wp-json\/wp\/v2\/comments?post=1017"}],"version-history":[{"count":0,"href":"https:\/\/www.caths.cz\/wordpress\/wp-json\/wp\/v2\/posts\/1017\/revisions"}],"wp:attachment":[{"href":"https:\/\/www.caths.cz\/wordpress\/wp-json\/wp\/v2\/media?parent=1017"}],"wp:term":[{"taxonomy":"category","embeddable":true,"href":"https:\/\/www.caths.cz\/wordpress\/wp-json\/wp\/v2\/categories?post=1017"},{"taxonomy":"post_tag","embeddable":true,"href":"https:\/\/www.caths.cz\/wordpress\/wp-json\/wp\/v2\/tags?post=1017"}],"curies":[{"name":"wp","href":"https:\/\/api.w.org\/{rel}","templated":true}]}}