{"id":1014,"date":"2009-05-01T09:44:47","date_gmt":"2009-05-01T08:44:47","guid":{"rendered":"http:\/\/www.caths.cz\/wordpress\/?p=1014"},"modified":"2009-05-01T09:44:47","modified_gmt":"2009-05-01T08:44:47","slug":"nejlepsi-handicapovani-diskari-budou-hazet-na-atletickem-memorialu-josefa-odlozila","status":"publish","type":"post","link":"https:\/\/www.caths.cz\/wordpress\/nejlepsi-handicapovani-diskari-budou-hazet-na-atletickem-memorialu-josefa-odlozila\/","title":{"rendered":"Nejlep\u0161\u00ed handicapovan\u00ed diska\u0159i budou h\u00e1zet na atletick\u00e9m Memori\u00e1lu Josefa Odlo\u017eila"},"content":{"rendered":"<p align=\"justify\">\nNa\u0161i nej\u00fasp\u011b\u0161n\u011bj\u0161\u00ed handicapovan\u00ed atleti &#8211; diska\u0159i se p\u0159edstav\u00ed ve vlo\u017een\u00e9m, exhibi\u010dn\u00edm z\u00e1vod\u011b v r\u00e1mci mezin\u00e1rodn\u00edho atletick\u00e9ho m\u00edtinku, Memori\u00e1lu Josefa Odlo\u017eila.<\/p>\n<p align=\"justify\"> Startovn\u00ed listina je pln\u00e1 slavn\u00fdch jmen, medailist\u016f z paralympi\u00e1du, mist\u016f sv\u011bta, \u010di dr\u017eitel\u016f sv\u011btov\u00fdch a paralympijsk\u00fdch rekord\u016f, ostatn\u011b posu\u010fte sami:<br \/> Jana Fesslov\u00e1, Martin N\u011bmec, Josef \u0160tiak, Ros\u0165a Pohlmann, Zbyn\u011bk S\u00fdkora&#8230;<br \/> O podrobnostech z\u00e1vodu v\u00e1s budeme samoz\u0159ejm\u011b informovat na str\u00e1nk\u00e1ch \u010cATHS, ale u\u017e te\u010f v\u00e1s v\u0161echny zveme v pond\u011bl\u00ed 8.6. 2009 do Prahy, na Memori\u00e1l Josefa Odlo\u017eila &#8211; p\u0159ij\u010fte povzbudit a podpo\u0159it na\u0161e nejlep\u0161\u00ed diska\u0159e! <\/p>\n","protected":false},"excerpt":{"rendered":"<a href=\"https:\/\/www.caths.cz\/wordpress\/nejlepsi-handicapovani-diskari-budou-hazet-na-atletickem-memorialu-josefa-odlozila\/\"><img loading=\"lazy\" decoding=\"async\" width=\"100\" height=\"100\" src=\"https:\/\/www.caths.cz\/wordpress\/wp-content\/plugins\/thumbnail-for-excerpts\/tfe_no_thumb.png\" class=\"alignleft wp-post-image tfe\" alt=\"\" title=\"\" \/><\/a><p>Na\u0161i nej\u00fasp\u011b\u0161n\u011bj\u0161\u00ed handicapovan\u00ed atleti &#8211; diska\u0159i se p\u0159edstav\u00ed ve vlo\u017een\u00e9m, exhibi\u010dn\u00edm z\u00e1vod\u011b v r\u00e1mci mezin\u00e1rodn\u00edho atletick\u00e9ho m\u00edtinku, Memori\u00e1lu Josefa Odlo\u017eila. Startovn\u00ed listina je pln\u00e1 slavn\u00fdch jmen, medailist\u016f z paralympi\u00e1du, mist\u016f [&hellip;]<\/p>\n","protected":false},"author":1,"featured_media":0,"comment_status":"closed","ping_status":"closed","sticky":false,"template":"","format":"standard","meta":{"ngg_post_thumbnail":0,"footnotes":""},"categories":[1],"tags":[],"class_list":["post-1014","post","type-post","status-publish","format-standard","hentry","category-nezarazene"],"_links":{"self":[{"href":"https:\/\/www.caths.cz\/wordpress\/wp-json\/wp\/v2\/posts\/1014","targetHints":{"allow":["GET"]}}],"collection":[{"href":"https:\/\/www.caths.cz\/wordpress\/wp-json\/wp\/v2\/posts"}],"about":[{"href":"https:\/\/www.caths.cz\/wordpress\/wp-json\/wp\/v2\/types\/post"}],"author":[{"embeddable":true,"href":"https:\/\/www.caths.cz\/wordpress\/wp-json\/wp\/v2\/users\/1"}],"replies":[{"embeddable":true,"href":"https:\/\/www.caths.cz\/wordpress\/wp-json\/wp\/v2\/comments?post=1014"}],"version-history":[{"count":0,"href":"https:\/\/www.caths.cz\/wordpress\/wp-json\/wp\/v2\/posts\/1014\/revisions"}],"wp:attachment":[{"href":"https:\/\/www.caths.cz\/wordpress\/wp-json\/wp\/v2\/media?parent=1014"}],"wp:term":[{"taxonomy":"category","embeddable":true,"href":"https:\/\/www.caths.cz\/wordpress\/wp-json\/wp\/v2\/categories?post=1014"},{"taxonomy":"post_tag","embeddable":true,"href":"https:\/\/www.caths.cz\/wordpress\/wp-json\/wp\/v2\/tags?post=1014"}],"curies":[{"name":"wp","href":"https:\/\/api.w.org\/{rel}","templated":true}]}}