{"id":1013,"date":"2009-04-29T23:30:08","date_gmt":"2009-04-29T22:30:08","guid":{"rendered":"http:\/\/www.caths.cz\/wordpress\/?p=1013"},"modified":"2009-04-29T23:30:08","modified_gmt":"2009-04-29T22:30:08","slug":"handbikery-a-tandemy-cekaji-o-vikendu-zavody-ceskeho-poharu","status":"publish","type":"post","link":"https:\/\/www.caths.cz\/wordpress\/handbikery-a-tandemy-cekaji-o-vikendu-zavody-ceskeho-poharu\/","title":{"rendered":"Handbikery a tandemy \u010dekaj\u00ed o v\u00edkendu z\u00e1vody \u010cesk\u00e9ho poh\u00e1ru"},"content":{"rendered":"<p align=\"justify\">\nPrvn\u00ed m\u00e1jov\u00fd den je tradi\u010dn\u011b vyhrazen slavn\u00e9mu cyklistick\u00e9mu z\u00e1vodu &#8211; Memori\u00e1lu Ev\u017eena Cihl\u00e1\u0159e. A tradic\u00ed u\u017e tak\u00e9 je, \u017ee zde startuj\u00ed v\u0161echny kategorie, kter\u00e9 na kole z\u00e1vod\u00ed, od mal\u00fdch d\u011bt\u00ed, kter\u00e9 zat\u00edm jen t\u011b\u017eko ovl\u00e1daj\u00ed sv\u00e9 kolo, a\u017e po 80-let\u00e9 veter\u00e1ny. <\/p>\n<p align=\"justify\"> A je samoz\u0159ejmost\u00ed, \u017ee v r\u00e1mci t\u011bchto z\u00e1vod\u016f budeme sledovat jak z\u00e1vod nejlep\u0161\u00edch handbiker\u016f, kter\u00fd se pojede jako v po\u0159ad\u00ed druh\u00fd z\u00e1vod \u010cesk\u00e9ho poh\u00e1ru, tak i prvn\u00ed z\u00e1vod \u010cesk\u00e9ho poh\u00e1ru tandem\u016f.<br \/> Z\u00e1vod tandem\u016f je zaj\u00edmav\u00fd t\u00edm, \u017ee se jedn\u00e1 o historicky v\u016fbec prvn\u00ed z\u00e1vod \u010cesk\u00e9ho poh\u00e1ru tandem\u016f, kter\u00fd se u n\u00e1s jede. Po\u0159adatelem cel\u00e9ho seri\u00e1lu z\u00e1vod\u016f tandem\u016f pro rok 2009 je SK Handicapovan\u00fdch cyklist\u016f Praha. <br \/> A m\u00e1me pro v\u00e1s zaj\u00edmavost &#8211; v exhibi\u010dn\u00ed j\u00edzd\u011b se p\u0159edstav\u00ed tandem, jeho\u017e pos\u00e1dka je opravdu v\u00fdjime\u010dn\u00e1. Z\u00e1vod toti\u017e spole\u010dn\u011b pojedou slavn\u00fd herec, Pavel Nov\u00fd a slavn\u00fd cyklista, Miloslav Kvasni\u010dka.<br \/> V dal\u0161\u00edch z\u00e1vodech pak uvid\u00edme na\u0161i kompletn\u00ed reprezenta\u010dn\u00ed \u0161pi\u010dku &#8211; z\u00e1vodit bude paralympijsk\u00fd medailista Tom\u00e1\u0161 Kvasni\u010dka i druh\u00fd mu\u017e po\u0159ad\u00ed Evropsk\u00e9ho poh\u00e1ru roku 2008, Radim Pavl\u00edk.<br \/> Pro div\u00e1ky jist\u011b bude velmi zaj\u00edmav\u00e9 i to, \u017ee v z\u00e1vod\u011b profesion\u00e1l\u016f se po dlouh\u00e9 nemoci a \u00farazu p\u0159edstav\u00ed jeden z nejlep\u0161\u00edch cyklist\u016f sv\u011bta &#8211; Ji\u0159\u00ed Je\u017eek.<br \/> Jirka m\u00e1 od tren\u00e9ra Zapletala d\u016frazn\u011b na\u0159\u00edzeno jet pomalu, tak bude zaj\u00edmav\u00e9 sledovat, jak se mistr sv\u011bta a paralympijsk\u00fd v\u00edt\u011bz s t\u00edmto neobvykl\u00fdm p\u0159\u00edkazem vyrovn\u00e1. <\/p>\n<p> V sobotu bude \u010cesk\u00fd poh\u00e1r handbike pokra\u010dovat z\u00e1vody v Lounech. V ned\u011bli pak m\u00e1 pokra\u010dov\u00e1n\u00ed \u010cesk\u00fd poh\u00e1r tandem\u016f dvojz\u00e1vodem v Plzni, kde se pojede \u010dasovka a silni\u010dn\u00ed z\u00e1vod.<\/p>\n<p> P\u0159ij\u010fte povzbudit na\u0161e handbikery, cyklisty i tandemy &#8211; POJE\u010eTE S N\u00c1MI! <\/p>\n<p> <img decoding=\"async\" src=\"\/wordpress\/image\/k_clankum\/cihlar08_070.jpg\"> <\/p>\n","protected":false},"excerpt":{"rendered":"<a href=\"https:\/\/www.caths.cz\/wordpress\/handbikery-a-tandemy-cekaji-o-vikendu-zavody-ceskeho-poharu\/\"><img loading=\"lazy\" decoding=\"async\" width=\"100\" height=\"100\" src=\"https:\/\/www.caths.cz\/wordpress\/wp-content\/plugins\/thumbnail-for-excerpts\/tfe_no_thumb.png\" class=\"alignleft wp-post-image tfe\" alt=\"\" title=\"\" \/><\/a><p>Prvn\u00ed m\u00e1jov\u00fd den je tradi\u010dn\u011b vyhrazen slavn\u00e9mu cyklistick\u00e9mu z\u00e1vodu &#8211; Memori\u00e1lu Ev\u017eena Cihl\u00e1\u0159e. A tradic\u00ed u\u017e tak\u00e9 je, \u017ee zde startuj\u00ed v\u0161echny kategorie, kter\u00e9 na kole z\u00e1vod\u00ed, od mal\u00fdch d\u011bt\u00ed, [&hellip;]<\/p>\n","protected":false},"author":1,"featured_media":0,"comment_status":"closed","ping_status":"closed","sticky":false,"template":"","format":"standard","meta":{"ngg_post_thumbnail":0,"footnotes":""},"categories":[2],"tags":[],"class_list":["post-1013","post","type-post","status-publish","format-standard","hentry","category-cyklistika"],"_links":{"self":[{"href":"https:\/\/www.caths.cz\/wordpress\/wp-json\/wp\/v2\/posts\/1013","targetHints":{"allow":["GET"]}}],"collection":[{"href":"https:\/\/www.caths.cz\/wordpress\/wp-json\/wp\/v2\/posts"}],"about":[{"href":"https:\/\/www.caths.cz\/wordpress\/wp-json\/wp\/v2\/types\/post"}],"author":[{"embeddable":true,"href":"https:\/\/www.caths.cz\/wordpress\/wp-json\/wp\/v2\/users\/1"}],"replies":[{"embeddable":true,"href":"https:\/\/www.caths.cz\/wordpress\/wp-json\/wp\/v2\/comments?post=1013"}],"version-history":[{"count":0,"href":"https:\/\/www.caths.cz\/wordpress\/wp-json\/wp\/v2\/posts\/1013\/revisions"}],"wp:attachment":[{"href":"https:\/\/www.caths.cz\/wordpress\/wp-json\/wp\/v2\/media?parent=1013"}],"wp:term":[{"taxonomy":"category","embeddable":true,"href":"https:\/\/www.caths.cz\/wordpress\/wp-json\/wp\/v2\/categories?post=1013"},{"taxonomy":"post_tag","embeddable":true,"href":"https:\/\/www.caths.cz\/wordpress\/wp-json\/wp\/v2\/tags?post=1013"}],"curies":[{"name":"wp","href":"https:\/\/api.w.org\/{rel}","templated":true}]}}