{"id":1011,"date":"2009-04-29T09:59:14","date_gmt":"2009-04-29T08:59:14","guid":{"rendered":"http:\/\/www.caths.cz\/wordpress\/?p=1011"},"modified":"2009-04-29T09:59:14","modified_gmt":"2009-04-29T08:59:14","slug":"kutnohorska-50-ocima-cerneho-kone-tomase-poucha","status":"publish","type":"post","link":"https:\/\/www.caths.cz\/wordpress\/kutnohorska-50-ocima-cerneho-kone-tomase-poucha\/","title":{"rendered":"Kutnohorsk\u00e1 50 o\u010dima \u010cern\u00e9ho kon\u011b &#8211; Tom\u00e1\u0161e Poucha"},"content":{"rendered":"<p align=\"justify\">\nP\u0159e\u010dt\u011bte si report\u00e1\u017e bikera Tom\u00e1\u0161e Poucha, kter\u00fd pouze s jednou nohou jezd\u00ed<br \/>\npro radost a pohodu z\u00e1vody horsk\u00fdch kol pro \u0161irokou ve\u0159ejnost.<\/p>\n<p align=\"justify\"> Report\u00e1\u017e ke sta\u017een\u00ed <strong><a href=\"storage\/cyklistika\/Kutnohorska padasatka.doc\"><font face=\"Trebuchet MS\" size=\"2\"> zde<\/strong><\/font><\/a><\/p>\n<p> A pokud V\u00e1s tyto \u0159\u00e1dky oslov\u00ed a mo\u017en\u00e1 i budou motivovat ke sportu a j\u00edzd\u011b na kole bude to super a zapojit se m\u016f\u017eete hned, t\u0159eba t\u00edm, \u017ee spole\u010dn\u011b s n\u00e1mi pojedete dal\u0161\u00ed d\u00edl seri\u00e1lu z\u00e1vod\u016f Kola pro \u017eivot, kter\u00fd se kon\u00e1 u\u017e v sobotu 2.5. v P\u0159\u00edbrami. V\u00edce na <strong><a href=\"http:\/\/www.kolopro.cz\/\"><font color=\"#0066CC\">www.kolopro.cz <\/font><\/a><\/strong> . <\/p>\n<p> <img decoding=\"async\" src=\"\/wordpress\/image\/k_clankum\/pouch1.jpg\"> <\/p>\n<p> <img decoding=\"async\" src=\"\/wordpress\/image\/k_clankum\/pouch2.JPG\"> <\/p>\n","protected":false},"excerpt":{"rendered":"<a href=\"https:\/\/www.caths.cz\/wordpress\/kutnohorska-50-ocima-cerneho-kone-tomase-poucha\/\"><img loading=\"lazy\" decoding=\"async\" width=\"100\" height=\"100\" src=\"https:\/\/www.caths.cz\/wordpress\/wp-content\/plugins\/thumbnail-for-excerpts\/tfe_no_thumb.png\" class=\"alignleft wp-post-image tfe\" alt=\"\" title=\"\" \/><\/a><p>P\u0159e\u010dt\u011bte si report\u00e1\u017e bikera Tom\u00e1\u0161e Poucha, kter\u00fd pouze s jednou nohou jezd\u00ed pro radost a pohodu z\u00e1vody horsk\u00fdch kol pro \u0161irokou ve\u0159ejnost. Report\u00e1\u017e ke sta\u017een\u00ed zde A pokud V\u00e1s tyto [&hellip;]<\/p>\n","protected":false},"author":1,"featured_media":0,"comment_status":"closed","ping_status":"closed","sticky":false,"template":"","format":"standard","meta":{"ngg_post_thumbnail":0,"footnotes":""},"categories":[2],"tags":[],"class_list":["post-1011","post","type-post","status-publish","format-standard","hentry","category-cyklistika"],"_links":{"self":[{"href":"https:\/\/www.caths.cz\/wordpress\/wp-json\/wp\/v2\/posts\/1011","targetHints":{"allow":["GET"]}}],"collection":[{"href":"https:\/\/www.caths.cz\/wordpress\/wp-json\/wp\/v2\/posts"}],"about":[{"href":"https:\/\/www.caths.cz\/wordpress\/wp-json\/wp\/v2\/types\/post"}],"author":[{"embeddable":true,"href":"https:\/\/www.caths.cz\/wordpress\/wp-json\/wp\/v2\/users\/1"}],"replies":[{"embeddable":true,"href":"https:\/\/www.caths.cz\/wordpress\/wp-json\/wp\/v2\/comments?post=1011"}],"version-history":[{"count":0,"href":"https:\/\/www.caths.cz\/wordpress\/wp-json\/wp\/v2\/posts\/1011\/revisions"}],"wp:attachment":[{"href":"https:\/\/www.caths.cz\/wordpress\/wp-json\/wp\/v2\/media?parent=1011"}],"wp:term":[{"taxonomy":"category","embeddable":true,"href":"https:\/\/www.caths.cz\/wordpress\/wp-json\/wp\/v2\/categories?post=1011"},{"taxonomy":"post_tag","embeddable":true,"href":"https:\/\/www.caths.cz\/wordpress\/wp-json\/wp\/v2\/tags?post=1011"}],"curies":[{"name":"wp","href":"https:\/\/api.w.org\/{rel}","templated":true}]}}