{"id":1010,"date":"2009-04-28T08:52:46","date_gmt":"2009-04-28T07:52:46","guid":{"rendered":"http:\/\/www.caths.cz\/wordpress\/?p=1010"},"modified":"2009-04-28T08:52:46","modified_gmt":"2009-04-28T07:52:46","slug":"dalsi-uspech-handicapovaneho-plavce-filipa-coufala","status":"publish","type":"post","link":"https:\/\/www.caths.cz\/wordpress\/dalsi-uspech-handicapovaneho-plavce-filipa-coufala\/","title":{"rendered":"Dal\u0161\u00ed \u00fasp\u011bch handicapovan\u00e9ho plavce Filipa Coufala"},"content":{"rendered":"<p align=\"justify\">\nDne 21. dubna 2009 byl plavec Filip Coufal vyhl\u00e1\u0161en nejlep\u0161\u00edm handicapovan\u00fdm sportovcem Zl\u00ednsk\u00e9ho kraje za rok 2008. Cenu zlatou Nik\u00e9 mu p\u0159edali vynikaj\u00edc\u00ed sportovec \u2013 mistr Evropy v krasobruslen\u00ed Tom\u00e1\u0161 Verner a statut\u00e1rn\u00ed n\u00e1m\u011bstek hejtmana Zl\u00ednsk\u00e9ho kraje  Libor Luk\u00e1\u0161.  <\/p>\n<p align=\"justify\"> Byla tak ocen\u011bna vynikaj\u00edc\u00ed sez\u00f3na mlad\u00e9ho sportovce, kter\u00e1 vyvrcholila \u00fa\u010dast\u00ed na Letn\u00edch paralympijsk\u00fdch hr\u00e1ch v Pekingu. D\u00edk pat\u0159\u00ed v\u0161em, kte\u0159\u00ed se pod\u00edleli na jeho p\u0159\u00edprav\u011b &#8211; osobn\u00edmu tren\u00e9rovi Michaelovi Neuwirthovi a v\u0161em \u010dlen\u016fm realiza\u010dn\u00edho t\u00fdmu plaveck\u00e9 reprezentace v \u010dele s tren\u00e9rkou Andreou V\u011bnsekovou. <\/p>\n<p> <img decoding=\"async\" src=\"\/wordpress\/image\/k_clankum\/P1030323.JPG\"><\/p>\n","protected":false},"excerpt":{"rendered":"<a href=\"https:\/\/www.caths.cz\/wordpress\/dalsi-uspech-handicapovaneho-plavce-filipa-coufala\/\"><img loading=\"lazy\" decoding=\"async\" width=\"100\" height=\"100\" src=\"https:\/\/www.caths.cz\/wordpress\/wp-content\/plugins\/thumbnail-for-excerpts\/tfe_no_thumb.png\" class=\"alignleft wp-post-image tfe\" alt=\"\" title=\"\" \/><\/a><p>Dne 21. dubna 2009 byl plavec Filip Coufal vyhl\u00e1\u0161en nejlep\u0161\u00edm handicapovan\u00fdm sportovcem Zl\u00ednsk\u00e9ho kraje za rok 2008. Cenu zlatou Nik\u00e9 mu p\u0159edali vynikaj\u00edc\u00ed sportovec \u2013 mistr Evropy v krasobruslen\u00ed Tom\u00e1\u0161 [&hellip;]<\/p>\n","protected":false},"author":1,"featured_media":0,"comment_status":"closed","ping_status":"closed","sticky":false,"template":"","format":"standard","meta":{"ngg_post_thumbnail":0,"footnotes":""},"categories":[15],"tags":[],"class_list":["post-1010","post","type-post","status-publish","format-standard","hentry","category-plavani"],"_links":{"self":[{"href":"https:\/\/www.caths.cz\/wordpress\/wp-json\/wp\/v2\/posts\/1010","targetHints":{"allow":["GET"]}}],"collection":[{"href":"https:\/\/www.caths.cz\/wordpress\/wp-json\/wp\/v2\/posts"}],"about":[{"href":"https:\/\/www.caths.cz\/wordpress\/wp-json\/wp\/v2\/types\/post"}],"author":[{"embeddable":true,"href":"https:\/\/www.caths.cz\/wordpress\/wp-json\/wp\/v2\/users\/1"}],"replies":[{"embeddable":true,"href":"https:\/\/www.caths.cz\/wordpress\/wp-json\/wp\/v2\/comments?post=1010"}],"version-history":[{"count":0,"href":"https:\/\/www.caths.cz\/wordpress\/wp-json\/wp\/v2\/posts\/1010\/revisions"}],"wp:attachment":[{"href":"https:\/\/www.caths.cz\/wordpress\/wp-json\/wp\/v2\/media?parent=1010"}],"wp:term":[{"taxonomy":"category","embeddable":true,"href":"https:\/\/www.caths.cz\/wordpress\/wp-json\/wp\/v2\/categories?post=1010"},{"taxonomy":"post_tag","embeddable":true,"href":"https:\/\/www.caths.cz\/wordpress\/wp-json\/wp\/v2\/tags?post=1010"}],"curies":[{"name":"wp","href":"https:\/\/api.w.org\/{rel}","templated":true}]}}