{"id":1009,"date":"2009-04-27T13:37:43","date_gmt":"2009-04-27T12:37:43","guid":{"rendered":"http:\/\/www.caths.cz\/wordpress\/?p=1009"},"modified":"2009-04-27T13:37:43","modified_gmt":"2009-04-27T12:37:43","slug":"tandem-moflar-chyba-vyhral-prvni-zavod-serialu-kolo-pro-zivot-kutnohorskou-padesatku-ceske-sporitelny","status":"publish","type":"post","link":"https:\/\/www.caths.cz\/wordpress\/tandem-moflar-chyba-vyhral-prvni-zavod-serialu-kolo-pro-zivot-kutnohorskou-padesatku-ceske-sporitelny\/","title":{"rendered":"Tandem Moflar &#8211; Chyba vyhr\u00e1l prvn\u00ed z\u00e1vod seri\u00e1lu Kolo pro \u017eivot &#8211; Kutnohorskou pades\u00e1tku \u010cesk\u00e9 spo\u0159itelny"},"content":{"rendered":"\n<p align=\"justify\">Nevidom\u00fd Marek Moflar s pilotem Ji\u0159\u00edm Chybou (Rubena Specialized cycling team) zv\u00edt\u011bzili v popul\u00e1rn\u00edm z\u00e1vod\u011b seri\u00e1lu Kolo pro \u017eivot v Kutn\u00e9 Ho\u0159e.<\/p>\n<p align=\"justify\"> V ned\u011bli pak zv\u00edt\u011bzili i v silni\u010dn\u00edm z\u00e1vod\u011b seri\u00e1lu Povltavsk\u00e9 extraligy. Pro tuto dvojici je to ji\u017e t\u0159et\u00ed prvenstv\u00ed v \u0159ad\u011b, pot\u00e9 co minul\u00fd t\u00fdden zv\u00edt\u011bzili ve sv\u00e9 kategorii v \u010dasovce UAC. <br \/> Tato dvojice poctiv\u011b a tvrd\u011b tr\u00e9nuje a usilovn\u011b jde za sv\u00fdm c\u00edlem &#8211; b\u00fdt dob\u0159\u00ed v mezin\u00e1rodn\u00edm m\u011b\u0159\u00edtku. V\u0161ude, kde se kluci objev\u00ed, bud\u00ed zaslou\u017een\u00fd obdiv, \u00factu a obrovsk\u00e9 nad\u0161en\u00ed. <\/p>\n<p> Tandem Moflar Chyba m\u016f\u017eete vid\u011bt v z\u00e1vod\u011b \u010cesk\u00e9ho poh\u00e1ru tandemu, kter\u00fd se pojede 1.5. v Praze v r\u00e1mci Memori\u00e1lu Jaroslava Cihl\u00e1\u0159e a 3.5. v Plzni na Lopat\u00e1rn\u011b. <br \/> Pro informaci p\u0159ipojujeme kalend\u00e1\u0159 z\u00e1vod\u016f \u010cesk\u00e9ho poh\u00e1ru tandemu pro rok 2009, jeho\u017e po\u0159adatelem je SK Handicapovan\u00fdch cyklist\u016f Praha: <\/p>\n<p> \u010cesk\u00fd poh\u00e1r Tandemu 2009 <\/p>\n<p> 1.5. Praha &#8211; Cihl\u00e1\u0159\u016fv memori\u00e1l <\/p>\n<p> 3.5. Plze\u0148 &#8211; Lopat\u00e1rna <\/p>\n<p> 20.6. Jizersk\u00e9 hory &#8211; MCR <\/p>\n<p> 28.6. T\u0159ebenice . dvojz\u00e1vod: silni\u010dn\u00ed z\u00e1vod a \u010dasovka do vrchu <\/p>\n<p> 11.7. EP Louny &#8211; \u010dasovka &#8211; M\u010cR <\/p>\n<p> 12.7. EP Louny &#8211; silni\u010dn\u00ed z\u00e1vod <\/p>\n<p> 22.8. Kop\u0159ivnice <\/p>\n<p> A d\u00e1le se z\u016f\u010dastn\u00ed 6.6. M\u010cR horsk\u00fdch tandem\u016f v r\u00e1mci Jizersk\u00e9 pades\u00e1tky <\/p>\n<p> <img decoding=\"async\" src=\"\/wordpress\/image\/k_clankum\/mach3.jpg\"> <\/p>\n<p> <img decoding=\"async\" src=\"\/wordpress\/image\/k_clankum\/mach1.jpg\"> <\/p>\n<p> <img decoding=\"async\" src=\"\/wordpress\/image\/k_clankum\/mach2.jpg\"><\/p>\n","protected":false},"excerpt":{"rendered":"<a href=\"https:\/\/www.caths.cz\/wordpress\/tandem-moflar-chyba-vyhral-prvni-zavod-serialu-kolo-pro-zivot-kutnohorskou-padesatku-ceske-sporitelny\/\"><img loading=\"lazy\" decoding=\"async\" width=\"100\" height=\"100\" src=\"https:\/\/www.caths.cz\/wordpress\/wp-content\/plugins\/thumbnail-for-excerpts\/tfe_no_thumb.png\" class=\"alignleft wp-post-image tfe\" alt=\"\" title=\"\" \/><\/a><p>Nevidom\u00fd Marek Moflar s pilotem Ji\u0159\u00edm Chybou (Rubena Specialized cycling team) zv\u00edt\u011bzili v popul\u00e1rn\u00edm z\u00e1vod\u011b seri\u00e1lu Kolo pro \u017eivot v Kutn\u00e9 Ho\u0159e. V ned\u011bli pak zv\u00edt\u011bzili i v silni\u010dn\u00edm z\u00e1vod\u011b [&hellip;]<\/p>\n","protected":false},"author":1,"featured_media":0,"comment_status":"closed","ping_status":"closed","sticky":false,"template":"","format":"standard","meta":{"ngg_post_thumbnail":0,"footnotes":""},"categories":[2],"tags":[],"class_list":["post-1009","post","type-post","status-publish","format-standard","hentry","category-cyklistika"],"_links":{"self":[{"href":"https:\/\/www.caths.cz\/wordpress\/wp-json\/wp\/v2\/posts\/1009","targetHints":{"allow":["GET"]}}],"collection":[{"href":"https:\/\/www.caths.cz\/wordpress\/wp-json\/wp\/v2\/posts"}],"about":[{"href":"https:\/\/www.caths.cz\/wordpress\/wp-json\/wp\/v2\/types\/post"}],"author":[{"embeddable":true,"href":"https:\/\/www.caths.cz\/wordpress\/wp-json\/wp\/v2\/users\/1"}],"replies":[{"embeddable":true,"href":"https:\/\/www.caths.cz\/wordpress\/wp-json\/wp\/v2\/comments?post=1009"}],"version-history":[{"count":0,"href":"https:\/\/www.caths.cz\/wordpress\/wp-json\/wp\/v2\/posts\/1009\/revisions"}],"wp:attachment":[{"href":"https:\/\/www.caths.cz\/wordpress\/wp-json\/wp\/v2\/media?parent=1009"}],"wp:term":[{"taxonomy":"category","embeddable":true,"href":"https:\/\/www.caths.cz\/wordpress\/wp-json\/wp\/v2\/categories?post=1009"},{"taxonomy":"post_tag","embeddable":true,"href":"https:\/\/www.caths.cz\/wordpress\/wp-json\/wp\/v2\/tags?post=1009"}],"curies":[{"name":"wp","href":"https:\/\/api.w.org\/{rel}","templated":true}]}}