{"id":1008,"date":"2009-04-24T09:47:45","date_gmt":"2009-04-24T08:47:45","guid":{"rendered":"http:\/\/www.caths.cz\/wordpress\/?p=1008"},"modified":"2009-04-24T09:47:45","modified_gmt":"2009-04-24T08:47:45","slug":"uci-oficialne-potvrdilo-zruseni-cyklistickeho-ms-ve-spanelsku-cykliste-pojedete-jinam-a-2x","status":"publish","type":"post","link":"https:\/\/www.caths.cz\/wordpress\/uci-oficialne-potvrdilo-zruseni-cyklistickeho-ms-ve-spanelsku-cykliste-pojedete-jinam-a-2x\/","title":{"rendered":"UCI ofici\u00e1ln\u011b potvrdilo zru\u0161en\u00ed cyklistick\u00e9ho MS ve \u0160pan\u011blsku, cyklist\u00e9 &#8211; pojedete jinam a 2x"},"content":{"rendered":"<p align=\"justify\">\nUCI ofici\u00e1ln\u011b potvrdilo to, o \u010dem se ji\u017e del\u0161\u00ed dobu spekuluje a co cyklist\u00e9 ji\u017e del\u0161\u00ed dobu dob\u0159e v\u011bd\u011bli &#8211; leto\u0161n\u00ed MS v Seville ve \u0160pan\u011blsku bylo zru\u0161eno.<\/p>\n<p align=\"justify\"> D\u016fvod\u016f je v\u00edce, ale t\u00edm hlavn\u00edm je ekonomick\u00e1 krize. <br \/> Co bude d\u00e1l? <br \/> Po cel\u00e9 \u0159ad\u011b jedn\u00e1n\u00ed se do praxe dost\u00e1v\u00e1 n\u00e1vrh \u0159ady st\u00e1t\u016f, v\u010detn\u011b na\u0161\u00ed republiky, na rozd\u011blen\u00ed MS na dr\u00e1hovou a silni\u010dn\u00ed \u010d\u00e1st. To je toti\u017e nejv\u011bt\u0161\u00ed probl\u00e9m v\u011bci. Naj\u00edt lokalitu, kde je z\u00e1rove\u0148 kvalitn\u00ed dr\u00e1ha i silni\u010dn\u00ed trat\u011b je nesm\u00edrn\u011b n\u00e1ro\u010dn\u00e9, po v\u0161ech str\u00e1nk\u00e1ch, od ekonomick\u00e9 po logistickou.<\/p>\n<p> Rozd\u011blen\u00edm sout\u011b\u017e\u00ed na dv\u011b MS, dr\u00e1hov\u00e9 a silni\u010dn\u00ed (jako je tomu u neposti\u017een\u00fdch cyklist\u016f) se pravd\u011bpodobn\u011b prohloub\u00ed specializace dr\u00e1ha\u0159\u016f a silni\u010d\u00e1\u0159\u016f, kter\u00e1 ji\u017e stejn\u011b existuje, ale bude podstatn\u011b jednodu\u0161\u0161\u00ed uspo\u0159\u00e1dat MS i v zem\u00edch, kter\u00e9 nemaj\u00ed dr\u00e1hu odpov\u00eddaj\u00edc\u00ed kvality, jako je tomu nap\u0159\u00edklad i u n\u00e1s.<\/p>\n<p> A co bude letos? MS v roce 2009 bude. Dr\u00e1hov\u00e1 i silni\u010dn\u00ed \u010d\u00e1st ji\u017e zn\u00e1 sv\u00e9ho nov\u00e9ho po\u0159adatele, dojedn\u00e1vaj\u00ed se v\u0161echny podm\u00ednky a podrobnosti. Ve kter\u00fdch zem\u00edch a kdy se MS 2009 uskute\u010dn\u00ed, prozat\u00edm UCI dr\u017e\u00ed v tajnosti, nicm\u00e9n\u011b jako \u010dten\u00e1\u0159i na\u0161eho webu budete jedni z prvn\u00edch na sv\u011bt\u011b, kte\u0159\u00ed tuto informaci obdr\u017e\u00ed. <\/p>\n","protected":false},"excerpt":{"rendered":"<a href=\"https:\/\/www.caths.cz\/wordpress\/uci-oficialne-potvrdilo-zruseni-cyklistickeho-ms-ve-spanelsku-cykliste-pojedete-jinam-a-2x\/\"><img loading=\"lazy\" decoding=\"async\" width=\"100\" height=\"100\" src=\"https:\/\/www.caths.cz\/wordpress\/wp-content\/plugins\/thumbnail-for-excerpts\/tfe_no_thumb.png\" class=\"alignleft wp-post-image tfe\" alt=\"\" title=\"\" \/><\/a><p>UCI ofici\u00e1ln\u011b potvrdilo to, o \u010dem se ji\u017e del\u0161\u00ed dobu spekuluje a co cyklist\u00e9 ji\u017e del\u0161\u00ed dobu dob\u0159e v\u011bd\u011bli &#8211; leto\u0161n\u00ed MS v Seville ve \u0160pan\u011blsku bylo zru\u0161eno. D\u016fvod\u016f je [&hellip;]<\/p>\n","protected":false},"author":1,"featured_media":0,"comment_status":"closed","ping_status":"closed","sticky":false,"template":"","format":"standard","meta":{"ngg_post_thumbnail":0,"footnotes":""},"categories":[2],"tags":[],"class_list":["post-1008","post","type-post","status-publish","format-standard","hentry","category-cyklistika"],"_links":{"self":[{"href":"https:\/\/www.caths.cz\/wordpress\/wp-json\/wp\/v2\/posts\/1008","targetHints":{"allow":["GET"]}}],"collection":[{"href":"https:\/\/www.caths.cz\/wordpress\/wp-json\/wp\/v2\/posts"}],"about":[{"href":"https:\/\/www.caths.cz\/wordpress\/wp-json\/wp\/v2\/types\/post"}],"author":[{"embeddable":true,"href":"https:\/\/www.caths.cz\/wordpress\/wp-json\/wp\/v2\/users\/1"}],"replies":[{"embeddable":true,"href":"https:\/\/www.caths.cz\/wordpress\/wp-json\/wp\/v2\/comments?post=1008"}],"version-history":[{"count":0,"href":"https:\/\/www.caths.cz\/wordpress\/wp-json\/wp\/v2\/posts\/1008\/revisions"}],"wp:attachment":[{"href":"https:\/\/www.caths.cz\/wordpress\/wp-json\/wp\/v2\/media?parent=1008"}],"wp:term":[{"taxonomy":"category","embeddable":true,"href":"https:\/\/www.caths.cz\/wordpress\/wp-json\/wp\/v2\/categories?post=1008"},{"taxonomy":"post_tag","embeddable":true,"href":"https:\/\/www.caths.cz\/wordpress\/wp-json\/wp\/v2\/tags?post=1008"}],"curies":[{"name":"wp","href":"https:\/\/api.w.org\/{rel}","templated":true}]}}