{"id":1005,"date":"2009-04-21T11:06:30","date_gmt":"2009-04-21T10:06:30","guid":{"rendered":"http:\/\/www.caths.cz\/wordpress\/?p=1005"},"modified":"2009-04-21T11:06:30","modified_gmt":"2009-04-21T10:06:30","slug":"zdravotni-stav-jiriho-jezka-je-nadale-velmi-neuspokojivy","status":"publish","type":"post","link":"https:\/\/www.caths.cz\/wordpress\/zdravotni-stav-jiriho-jezka-je-nadale-velmi-neuspokojivy\/","title":{"rendered":"Zdravotn\u00ed stav Ji\u0159\u00edho Je\u017eka je nad\u00e1le velmi neuspokojiv\u00fd"},"content":{"rendered":"<p align=\"justify\">\n\u010cl\u00e1nek o p\u00e1du a zdravotn\u00edch kompikac\u00edch na\u0161eho nej\u00fasp\u011b\u0161n\u011bj\u0161\u00edho cyklisty Ji\u0159\u00edho Je\u017eka vzbudil velk\u00fd ohlas a vlnu z\u00e1jmu. Za tuto sympatickou skute\u010dnost a va\u0161i podporu velmi d\u011bkujeme.<\/p>\n<p align=\"justify\"> Jirk\u016fv stav je bohu\u017eel i nad\u00e1le neuspokojiv\u00fd. Celou v\u011bc zkomplikovalo nep\u0159\u00edjemn\u00e9 barkteri\u00e1ln\u00ed onemocn\u011bn\u00ed. Velmi bolestiv\u00e9 jsou pohmo\u017ed\u011bniny a od\u0159eniny, kter\u00e9 m\u00e1 Jirka prakticky po cel\u00e9m t\u011ble. I p\u0159es ve\u0161kerou snahu fyzioterapeuta, a l\u00e9\u010dbu laserem, m\u016f\u017ee Jirka sp\u00e1t pouze v jedn\u00e9 poloze, jak\u00fdkoliv pohyb je velice bolestiv\u00fd. <\/p>\n<p> V souvislosti se zdravotn\u00edm stavem Ji\u0159\u00edho Je\u017eka se bohu\u017eel m\u011bn\u00ed i jeho z\u00e1vodn\u00ed kalend\u00e1\u0159 a tak se jeden z nej\u00fasp\u011b\u0161n\u011bj\u0161\u00edch handicapovan\u00fdch cyklist\u016f sv\u011bta nep\u0159edstav\u00ed ani v z\u00e1vodech ve Francii, kter\u00e9 se uskute\u010dn\u00ed v p\u0159\u00ed\u0161t\u00edm t\u00fddnu, ani etapov\u00e9ho z\u00e1vodu ve \u0160pan\u011blsku, kter\u00fd se pojede za\u010d\u00e1tkem kv\u011btna. <\/p>\n<p> <img decoding=\"async\" src=\"\/wordpress\/image\/k_clankum\/Snimek 094.jpg\"> <\/p>\n","protected":false},"excerpt":{"rendered":"<a href=\"https:\/\/www.caths.cz\/wordpress\/zdravotni-stav-jiriho-jezka-je-nadale-velmi-neuspokojivy\/\"><img loading=\"lazy\" decoding=\"async\" width=\"100\" height=\"100\" src=\"https:\/\/www.caths.cz\/wordpress\/wp-content\/plugins\/thumbnail-for-excerpts\/tfe_no_thumb.png\" class=\"alignleft wp-post-image tfe\" alt=\"\" title=\"\" \/><\/a><p>\u010cl\u00e1nek o p\u00e1du a zdravotn\u00edch kompikac\u00edch na\u0161eho nej\u00fasp\u011b\u0161n\u011bj\u0161\u00edho cyklisty Ji\u0159\u00edho Je\u017eka vzbudil velk\u00fd ohlas a vlnu z\u00e1jmu. Za tuto sympatickou skute\u010dnost a va\u0161i podporu velmi d\u011bkujeme. Jirk\u016fv stav je bohu\u017eel [&hellip;]<\/p>\n","protected":false},"author":1,"featured_media":0,"comment_status":"closed","ping_status":"closed","sticky":false,"template":"","format":"standard","meta":{"ngg_post_thumbnail":0,"footnotes":""},"categories":[2],"tags":[],"class_list":["post-1005","post","type-post","status-publish","format-standard","hentry","category-cyklistika"],"_links":{"self":[{"href":"https:\/\/www.caths.cz\/wordpress\/wp-json\/wp\/v2\/posts\/1005","targetHints":{"allow":["GET"]}}],"collection":[{"href":"https:\/\/www.caths.cz\/wordpress\/wp-json\/wp\/v2\/posts"}],"about":[{"href":"https:\/\/www.caths.cz\/wordpress\/wp-json\/wp\/v2\/types\/post"}],"author":[{"embeddable":true,"href":"https:\/\/www.caths.cz\/wordpress\/wp-json\/wp\/v2\/users\/1"}],"replies":[{"embeddable":true,"href":"https:\/\/www.caths.cz\/wordpress\/wp-json\/wp\/v2\/comments?post=1005"}],"version-history":[{"count":0,"href":"https:\/\/www.caths.cz\/wordpress\/wp-json\/wp\/v2\/posts\/1005\/revisions"}],"wp:attachment":[{"href":"https:\/\/www.caths.cz\/wordpress\/wp-json\/wp\/v2\/media?parent=1005"}],"wp:term":[{"taxonomy":"category","embeddable":true,"href":"https:\/\/www.caths.cz\/wordpress\/wp-json\/wp\/v2\/categories?post=1005"},{"taxonomy":"post_tag","embeddable":true,"href":"https:\/\/www.caths.cz\/wordpress\/wp-json\/wp\/v2\/tags?post=1005"}],"curies":[{"name":"wp","href":"https:\/\/api.w.org\/{rel}","templated":true}]}}