{"id":30152,"global_id":"www.caths.cz\/wordpress?id=30152","global_id_lineage":["www.caths.cz\/wordpress?id=30152"],"author":"1","status":"publish","date":"2023-01-09 11:52:06","date_utc":"2023-01-09 10:52:06","modified":"2023-01-09 11:52:06","modified_utc":"2023-01-09 10:52:06","url":"https:\/\/www.caths.cz\/wordpress\/event\/bilinska-paraatletika-2023\/","rest_url":"https:\/\/www.caths.cz\/wordpress\/wp-json\/tribe\/events\/v1\/events\/30152","title":"B\u00edlinsk\u00e1 paraatletika 2023","description":"","excerpt":"<a href=\"\"><img loading=\"lazy\" decoding=\"async\" width=\"100\" height=\"100\" src=\"https:\/\/www.caths.cz\/wordpress\/wp-content\/plugins\/thumbnail-for-excerpts\/tfe_no_thumb.png\" class=\"alignleft wp-post-image tfe\" alt=\"\" title=\"\" \/><\/a>","slug":"bilinska-paraatletika-2023","image":false,"all_day":true,"start_date":"2023-06-11 00:00:00","start_date_details":{"year":"2023","month":"06","day":"11","hour":"00","minutes":"00","seconds":"00"},"end_date":"2023-06-11 23:59:59","end_date_details":{"year":"2023","month":"06","day":"11","hour":"23","minutes":"59","seconds":"59"},"utc_start_date":"2023-06-10 23:00:00","utc_start_date_details":{"year":"2023","month":"06","day":"10","hour":"23","minutes":"00","seconds":"00"},"utc_end_date":"2023-06-11 22:59:59","utc_end_date_details":{"year":"2023","month":"06","day":"11","hour":"22","minutes":"59","seconds":"59"},"timezone":"UTC+1","timezone_abbr":"UTC+1","cost":"","cost_details":{"currency_symbol":"","currency_code":"","currency_position":"suffix","values":[]},"website":"https:\/\/tj-zp-nola-teplice1.webnode.cz\/","show_map":false,"show_map_link":false,"hide_from_listings":false,"sticky":false,"featured":false,"categories":[{"name":"Atletika","slug":"atletika","term_group":0,"term_taxonomy_id":47,"taxonomy":"tribe_events_cat","description":"","parent":0,"count":284,"filter":"raw","id":47,"urls":{"self":"https:\/\/www.caths.cz\/wordpress\/wp-json\/tribe\/events\/v1\/categories\/47","collection":"https:\/\/www.caths.cz\/wordpress\/wp-json\/tribe\/events\/v1\/categories"}}],"tags":[],"venue":{"id":24121,"author":"1","status":"publish","date":"2017-01-26 09:01:04","date_utc":"2017-01-26 08:01:04","modified":"2017-01-26 09:01:04","modified_utc":"2017-01-26 08:01:04","url":"https:\/\/www.caths.cz\/wordpress\/misto-konani\/bilina\/","venue":"B\u00edlina","excerpt":"<a href=\"\"><img loading=\"lazy\" decoding=\"async\" width=\"100\" height=\"100\" src=\"https:\/\/www.caths.cz\/wordpress\/wp-content\/plugins\/thumbnail-for-excerpts\/tfe_no_thumb.png\" class=\"alignleft wp-post-image tfe\" alt=\"\" title=\"\" \/><\/a>","slug":"bilina","country":"\u010cesk\u00e1 republika","json_ld":{"@type":"Place","name":"B\u00edlina","description":"","url":"","address":{"@type":"PostalAddress","addressCountry":"\u010cesk\u00e1 republika"},"telephone":"","sameAs":""},"show_map":true,"show_map_link":true,"global_id":"www.caths.cz\/wordpress?id=24121","global_id_lineage":["www.caths.cz\/wordpress?id=24121"]},"organizer":[{"id":29626,"author":"1","status":"publish","date":"2022-02-07 10:35:12","date_utc":"2022-02-07 09:35:12","modified":"2022-02-07 10:35:12","modified_utc":"2022-02-07 09:35:12","url":"https:\/\/www.caths.cz\/wordpress\/poradatel\/tj-nola-teplice\/","organizer":"TJ NOLA Teplice","excerpt":"<a href=\"\"><img loading=\"lazy\" decoding=\"async\" width=\"100\" height=\"100\" src=\"https:\/\/www.caths.cz\/wordpress\/wp-content\/plugins\/thumbnail-for-excerpts\/tfe_no_thumb.png\" class=\"alignleft wp-post-image tfe\" alt=\"\" title=\"\" \/><\/a>","slug":"tj-nola-teplice","json_ld":{"@type":"Person","name":"TJ NOLA Teplice","description":"","url":"","telephone":"","email":"","sameAs":""},"global_id":"www.caths.cz\/wordpress?id=29626","global_id_lineage":["www.caths.cz\/wordpress?id=29626"]}],"custom_fields":[],"json_ld":{"@context":"http:\/\/schema.org","@type":"Event","name":"B\u00edlinsk\u00e1 paraatletika 2023","description":"","url":"https:\/\/www.caths.cz\/wordpress\/event\/bilinska-paraatletika-2023\/","eventAttendanceMode":"https:\/\/schema.org\/OfflineEventAttendanceMode","eventStatus":"https:\/\/schema.org\/EventScheduled","startDate":"2023-06-11T00:00:00+01:00","endDate":"2023-06-11T23:59:59+01:00","location":{"@type":"Place","name":"B\u00edlina","description":"","url":"","address":{"@type":"PostalAddress","addressCountry":"\u010cesk\u00e1 republika"},"telephone":"","sameAs":""},"organizer":{"@type":"Person","name":"TJ NOLA Teplice","description":"","url":"","telephone":"","email":"","sameAs":""},"performer":"Organization"}}